{"id":129540,"date":"2025-03-13T21:38:13","date_gmt":"2025-03-14T02:38:13","guid":{"rendered":"https:\/\/formalprision.com\/?p=129540"},"modified":"2025-03-14T00:48:47","modified_gmt":"2025-03-14T05:48:47","slug":"merida-y-espana-fortalecen-lazos-de-cooperacion-cecilia-patron-recibe-al-embajador-iberico","status":"publish","type":"post","link":"https:\/\/formalprision.com\/?p=129540","title":{"rendered":"Cecilia Patr\u00f3n recibe al embajador de Espa\u00f1a"},"content":{"rendered":"\n<p>M\u00c9RIDA, Yucat\u00e1n.- La presidenta municipal de M\u00e9rida, Cecilia Patr\u00f3n Laviada, recibi\u00f3 la visita del Embajador de Espa\u00f1a en M\u00e9xico, Juan Duarte Cuadrado, en una reuni\u00f3n que busca fortalecer los lazos de cooperaci\u00f3n entre M\u00e9rida y Espa\u00f1a para impulsar el desarrollo econ\u00f3mico y social de la ciudad.<\/p>\n\n\n\n<p>Durante el encuentro, se discutieron temas clave como educaci\u00f3n, cultura, seguridad y las oportunidades de inversi\u00f3n y cooperaci\u00f3n entre M\u00e9rida y Espa\u00f1a.&nbsp;<\/p>\n\n\n\n<p>La alcaldesa destac\u00f3 la importancia de la colaboraci\u00f3n internacional para impulsar el desarrollo de la ciudad y record\u00f3 que M\u00e9rida fue sede del \u00abEncuentro Iberoamericano de Negocios de las M\u00e9ridas del Mundo\u00bb en noviembre de 2024.<\/p>\n\n\n\n<p>La reuni\u00f3n tambi\u00e9n permiti\u00f3 abordar las nuevas din\u00e1micas de una capital en acelerado crecimiento en temas de cuidado del medio ambiente y de formaci\u00f3n de capital humano en el \u00e1mbito de la tecnolog\u00eda.<\/p>\n\n\n\n<p>En el encuentro participaron destacados representantes de la Embajada de Espa\u00f1a en M\u00e9xico, el c\u00f3nsul honorario V\u00edctor G\u00f3mez, Ignacio Nicolau Ibarra, Mar\u00eda Villota Vaquero, Antonio Prats Mar\u00ed, Mar\u00eda Pe\u00f1a Mateos, Juan Vicente P\u00e9rez Hern\u00e1ndez, Clara Alonso Arribas, y Antonio Basagoiti, presidente CAMESCOM.<\/p>\n\n\n\n<p>Por el Ayuntamiento de M\u00e9rida estuvieron Edgar Ram\u00edrez Pech, Secretario Municipal; Flora Zapata Mendiolea, coordinadora general de Justicia Social y Desarrollo Humano; los directores Karla Berr\u00f3n C\u00e1mara, de Identidad y Cultura, y Mauricio D\u00edaz Montalvo, de Prosperidad y Bienestar Econ\u00f3mico, as\u00ed como el subdirector de Educaci\u00f3n, Crescencio Guti\u00e9rrez Gonz\u00e1lez.<\/p>\n","protected":false},"excerpt":{"rendered":"<p>M\u00c9RIDA, Yucat\u00e1n.- La presidenta municipal de M\u00e9rida, Cecilia Patr\u00f3n Laviada, recibi\u00f3 la visita del Embajador de Espa\u00f1a en M\u00e9xico, Juan Duarte Cuadrado, en una reuni\u00f3n que busca fortalecer los lazos<\/p>\n","protected":false},"author":2,"featured_media":129542,"comment_status":"open","ping_status":"open","sticky":false,"template":"","format":"standard","meta":{"jetpack_post_was_ever_published":false,"_jetpack_newsletter_access":"","_jetpack_dont_email_post_to_subs":false,"_jetpack_newsletter_tier_id":0,"_jetpack_memberships_contains_paywalled_content":false,"_jetpack_memberships_contains_paid_content":false,"footnotes":"","jetpack_publicize_message":"","jetpack_publicize_feature_enabled":true,"jetpack_social_post_already_shared":true,"jetpack_social_options":{"image_generator_settings":{"template":"highway","default_image_id":0,"font":"","enabled":false},"version":2}},"categories":[14],"tags":[],"class_list":["post-129540","post","type-post","status-publish","format-standard","has-post-thumbnail","hentry","category-merida"],"jetpack_publicize_connections":[],"jetpack_featured_media_url":"https:\/\/formalprision.com\/wp-content\/uploads\/2025\/03\/WhatsApp-Image-2025-03-13-at-8.15.18-PM.jpeg","jetpack_sharing_enabled":true,"jetpack_shortlink":"https:\/\/wp.me\/p6id8p-xHm","_links":{"self":[{"href":"https:\/\/formalprision.com\/index.php?rest_route=\/wp\/v2\/posts\/129540","targetHints":{"allow":["GET"]}}],"collection":[{"href":"https:\/\/formalprision.com\/index.php?rest_route=\/wp\/v2\/posts"}],"about":[{"href":"https:\/\/formalprision.com\/index.php?rest_route=\/wp\/v2\/types\/post"}],"author":[{"embeddable":true,"href":"https:\/\/formalprision.com\/index.php?rest_route=\/wp\/v2\/users\/2"}],"replies":[{"embeddable":true,"href":"https:\/\/formalprision.com\/index.php?rest_route=%2Fwp%2Fv2%2Fcomments&post=129540"}],"version-history":[{"count":2,"href":"https:\/\/formalprision.com\/index.php?rest_route=\/wp\/v2\/posts\/129540\/revisions"}],"predecessor-version":[{"id":129549,"href":"https:\/\/formalprision.com\/index.php?rest_route=\/wp\/v2\/posts\/129540\/revisions\/129549"}],"wp:featuredmedia":[{"embeddable":true,"href":"https:\/\/formalprision.com\/index.php?rest_route=\/wp\/v2\/media\/129542"}],"wp:attachment":[{"href":"https:\/\/formalprision.com\/index.php?rest_route=%2Fwp%2Fv2%2Fmedia&parent=129540"}],"wp:term":[{"taxonomy":"category","embeddable":true,"href":"https:\/\/formalprision.com\/index.php?rest_route=%2Fwp%2Fv2%2Fcategories&post=129540"},{"taxonomy":"post_tag","embeddable":true,"href":"https:\/\/formalprision.com\/index.php?rest_route=%2Fwp%2Fv2%2Ftags&post=129540"}],"curies":[{"name":"wp","href":"https:\/\/api.w.org\/{rel}","templated":true}]}}