{"id":129552,"date":"2025-03-14T17:42:10","date_gmt":"2025-03-14T22:42:10","guid":{"rendered":"https:\/\/formalprision.com\/?p=129552"},"modified":"2025-03-14T17:42:10","modified_gmt":"2025-03-14T22:42:10","slug":"denunciara-el-gobierno-de-yucatan-emision-de-actas-irregulares","status":"publish","type":"post","link":"https:\/\/formalprision.com\/?p=129552","title":{"rendered":"Denunciar\u00e1 el Gobierno de Yucat\u00e1n emisi\u00f3n de actas irregulares"},"content":{"rendered":"\n<p>M\u00e9rida, Yucat\u00e1n.-El Gobierno de Yucat\u00e1n inform\u00f3 que interpondr\u00e1 una denuncia penal ante la Fiscal\u00eda y una denuncia administrativa ante el \u00d3rgano Interno de Control de la Secretar\u00eda de la Contralor\u00eda, por la expedici\u00f3n de actas ap\u00f3crifas de nacimiento, de matrimonio y de defunci\u00f3n, por parte de funcionarios del Registro Civil.<\/p>\n\n\n\n<p>Los servidores p\u00fablicos implicados en este delito habr\u00edan incurrido en faltas graves de acuerdo con la Ley de Responsabilidades Administrativas, que pueden derivar en sanciones administrativas como su destituci\u00f3n, inhabilitaci\u00f3n, o sanciones econ\u00f3micas, adem\u00e1s de las de tipo penal.<\/p>\n\n\n\n<p>En el edificio central del Registro Civil se observaron inicios de sesi\u00f3n irregulares en el registro de movimientos.<\/p>\n\n\n\n<p>Al revisar dicho registro, se advirtieron cuentas de usuarios que fueron inhabilitadas o creadas sin consentimiento, detectando una v\u00eda com\u00fan entre el uso de estas cuentas, siendo los dispositivos de c\u00f3mputo asignados al departamento de Inform\u00e1tica del Registro Civil,<\/p>\n\n\n\n<p>El Gobierno Estatal, a trav\u00e9s de la Consejer\u00eda Jur\u00eddica, se\u00f1ala que, para evitar que contin\u00fae el mal uso de las cuentas, fueron nuevamente desactivadas; sin embargo, se observ\u00f3 un nuevo intento de inicio de sesi\u00f3n con las cuentas anteriormente mencionadas, el cual fue evitado mediante las medidas que se tomaron.<\/p>\n","protected":false},"excerpt":{"rendered":"<p>M\u00e9rida, Yucat\u00e1n.-El Gobierno de Yucat\u00e1n inform\u00f3 que interpondr\u00e1 una denuncia penal ante la Fiscal\u00eda y una denuncia administrativa ante el \u00d3rgano Interno de Control de la Secretar\u00eda de la Contralor\u00eda,<\/p>\n","protected":false},"author":1,"featured_media":129553,"comment_status":"open","ping_status":"open","sticky":false,"template":"","format":"standard","meta":{"jetpack_post_was_ever_published":false,"_jetpack_newsletter_access":"","_jetpack_dont_email_post_to_subs":false,"_jetpack_newsletter_tier_id":0,"_jetpack_memberships_contains_paywalled_content":false,"_jetpack_memberships_contains_paid_content":false,"footnotes":"","jetpack_publicize_message":"","jetpack_publicize_feature_enabled":true,"jetpack_social_post_already_shared":true,"jetpack_social_options":{"image_generator_settings":{"template":"highway","default_image_id":0,"font":"","enabled":false},"version":2}},"categories":[14],"tags":[],"class_list":["post-129552","post","type-post","status-publish","format-standard","has-post-thumbnail","hentry","category-merida"],"jetpack_publicize_connections":[],"jetpack_featured_media_url":"https:\/\/formalprision.com\/wp-content\/uploads\/2025\/03\/FB_IMG_1741990990184.jpg","jetpack_sharing_enabled":true,"jetpack_shortlink":"https:\/\/wp.me\/p6id8p-xHy","_links":{"self":[{"href":"https:\/\/formalprision.com\/index.php?rest_route=\/wp\/v2\/posts\/129552","targetHints":{"allow":["GET"]}}],"collection":[{"href":"https:\/\/formalprision.com\/index.php?rest_route=\/wp\/v2\/posts"}],"about":[{"href":"https:\/\/formalprision.com\/index.php?rest_route=\/wp\/v2\/types\/post"}],"author":[{"embeddable":true,"href":"https:\/\/formalprision.com\/index.php?rest_route=\/wp\/v2\/users\/1"}],"replies":[{"embeddable":true,"href":"https:\/\/formalprision.com\/index.php?rest_route=%2Fwp%2Fv2%2Fcomments&post=129552"}],"version-history":[{"count":1,"href":"https:\/\/formalprision.com\/index.php?rest_route=\/wp\/v2\/posts\/129552\/revisions"}],"predecessor-version":[{"id":129554,"href":"https:\/\/formalprision.com\/index.php?rest_route=\/wp\/v2\/posts\/129552\/revisions\/129554"}],"wp:featuredmedia":[{"embeddable":true,"href":"https:\/\/formalprision.com\/index.php?rest_route=\/wp\/v2\/media\/129553"}],"wp:attachment":[{"href":"https:\/\/formalprision.com\/index.php?rest_route=%2Fwp%2Fv2%2Fmedia&parent=129552"}],"wp:term":[{"taxonomy":"category","embeddable":true,"href":"https:\/\/formalprision.com\/index.php?rest_route=%2Fwp%2Fv2%2Fcategories&post=129552"},{"taxonomy":"post_tag","embeddable":true,"href":"https:\/\/formalprision.com\/index.php?rest_route=%2Fwp%2Fv2%2Ftags&post=129552"}],"curies":[{"name":"wp","href":"https:\/\/api.w.org\/{rel}","templated":true}]}}