{"id":129566,"date":"2025-03-14T21:03:33","date_gmt":"2025-03-15T02:03:33","guid":{"rendered":"https:\/\/formalprision.com\/?p=129566"},"modified":"2025-03-14T21:03:33","modified_gmt":"2025-03-15T02:03:33","slug":"recibe-tomas-marin-medina-primera-catedra-extraordinaria-de-la-unay","status":"publish","type":"post","link":"https:\/\/formalprision.com\/?p=129566","title":{"rendered":"Recibe Tom\u00e1s Mar\u00edn Medina primera C\u00e1tedra Extraordinaria de la UNAY"},"content":{"rendered":"\n<p>M\u00e9rida, Yucat\u00e1n, a 14 de marzo de 2025-Tom\u00e1s Mar\u00edn Medina, destacado violinista y concertista yucateco, recibi\u00f3 la primera C\u00e1tedra Extraordinaria de la Universidad de las Artes de Yucat\u00e1n (UNAY) en reconocimiento a su trayectoria art\u00edstica de excelencia, que abarca m\u00e1s de 50 a\u00f1os.<\/p>\n\n\n\n<p>La ceremonia solemne se llev\u00f3 a cabo en la Caja Negra de la UNAY, con la presencia de la comunidad art\u00edstica, docentes y estudiantes. El Comit\u00e9 Doctoral de la UNAY, compuesto por especialistas de diversas disciplinas art\u00edsticas y acad\u00e9micas, presidi\u00f3 la actividad y reconoci\u00f3 la trayectoria de Mar\u00edn Medina.<\/p>\n\n\n\n<p>A lo largo de su carrera, Mar\u00edn Medina ha desarrollado un trabajo s\u00f3lido que lo ha llevado a destacar en varios concursos de prestigio, obteniendo premios en los cert\u00e1menes de Bach, Wieniawski, el Prix de Rome, entre otros. Su trayectoria internacional incluye la fundaci\u00f3n y posici\u00f3n de concertino de la Orquesta de C\u00e1mara de Bellas Artes, as\u00ed como actuaciones como solista con diversas orquestas mexicanas y giras por Am\u00e9rica, Europa y Asia.<\/p>\n\n\n\n<p>La ceremonia de instalaci\u00f3n fue un acto solemne y emotivo que comenz\u00f3 con la proyecci\u00f3n de un cortometraje documental sobre el maestro Tom\u00e1s Mar\u00edn Medina, dirigido por Luis Alberto Quijano Herrera, la interpretaci\u00f3n del Canticorum Jubilo de G.F. Haendel a cargo del coro de la UNAY, dirigido por Concepci\u00f3n Casals y acompa\u00f1ado por el pianista Gerardo Romero.<\/p>\n\n\n\n<p>Posteriormente, se procedi\u00f3 a la constituci\u00f3n de la mesa solemne y la apertura de la sesi\u00f3n, seguida de la lectura del acta con la resoluci\u00f3n del Comit\u00e9 Doctoral, a cargo del Arq. Domingo Rodr\u00edguez Semerena. Luego, se otorg\u00f3 la C\u00e1tedra Extraordinaria por la UNAY.<\/p>\n\n\n\n<p>Despu\u00e9s de la lectura de la semblanza del homenajeado a cargo de la Dra. Lamiae El Amrani, representante del Comit\u00e9 Doctoral, se incorpor\u00f3 al homenajeado a la mesa solemne y se llev\u00f3 a cabo el acto de investidura y nombramiento como catedr\u00e1tico extraordinario por la Universidad de las Artes de Yucat\u00e1n.<\/p>\n\n\n\n<p>Como parte de las actividades conmemorativas, el s\u00e1bado 15 de marzo, a las 19:00 hrs. en la Caja Negra de la UNAY, se realizar\u00e1 el Concierto de violonchelo y piano a cargo de Rogelio Aguilar y Alfonso \u00c1lvarez, que ser\u00e1 abierto al p\u00fablico.<\/p>\n","protected":false},"excerpt":{"rendered":"<p>M\u00e9rida, Yucat\u00e1n, a 14 de marzo de 2025-Tom\u00e1s Mar\u00edn Medina, destacado violinista y concertista yucateco, recibi\u00f3 la primera C\u00e1tedra Extraordinaria de la Universidad de las Artes de Yucat\u00e1n (UNAY) en<\/p>\n","protected":false},"author":1,"featured_media":129567,"comment_status":"open","ping_status":"open","sticky":false,"template":"","format":"standard","meta":{"jetpack_post_was_ever_published":false,"_jetpack_newsletter_access":"","_jetpack_dont_email_post_to_subs":false,"_jetpack_newsletter_tier_id":0,"_jetpack_memberships_contains_paywalled_content":false,"_jetpack_memberships_contains_paid_content":false,"footnotes":"","jetpack_publicize_message":"","jetpack_publicize_feature_enabled":true,"jetpack_social_post_already_shared":true,"jetpack_social_options":{"image_generator_settings":{"template":"highway","default_image_id":0,"font":"","enabled":false},"version":2}},"categories":[14],"tags":[],"class_list":["post-129566","post","type-post","status-publish","format-standard","has-post-thumbnail","hentry","category-merida"],"jetpack_publicize_connections":[],"jetpack_featured_media_url":"https:\/\/formalprision.com\/wp-content\/uploads\/2025\/03\/FB_IMG_1742003029528.jpg","jetpack_sharing_enabled":true,"jetpack_shortlink":"https:\/\/wp.me\/p6id8p-xHM","_links":{"self":[{"href":"https:\/\/formalprision.com\/index.php?rest_route=\/wp\/v2\/posts\/129566","targetHints":{"allow":["GET"]}}],"collection":[{"href":"https:\/\/formalprision.com\/index.php?rest_route=\/wp\/v2\/posts"}],"about":[{"href":"https:\/\/formalprision.com\/index.php?rest_route=\/wp\/v2\/types\/post"}],"author":[{"embeddable":true,"href":"https:\/\/formalprision.com\/index.php?rest_route=\/wp\/v2\/users\/1"}],"replies":[{"embeddable":true,"href":"https:\/\/formalprision.com\/index.php?rest_route=%2Fwp%2Fv2%2Fcomments&post=129566"}],"version-history":[{"count":1,"href":"https:\/\/formalprision.com\/index.php?rest_route=\/wp\/v2\/posts\/129566\/revisions"}],"predecessor-version":[{"id":129568,"href":"https:\/\/formalprision.com\/index.php?rest_route=\/wp\/v2\/posts\/129566\/revisions\/129568"}],"wp:featuredmedia":[{"embeddable":true,"href":"https:\/\/formalprision.com\/index.php?rest_route=\/wp\/v2\/media\/129567"}],"wp:attachment":[{"href":"https:\/\/formalprision.com\/index.php?rest_route=%2Fwp%2Fv2%2Fmedia&parent=129566"}],"wp:term":[{"taxonomy":"category","embeddable":true,"href":"https:\/\/formalprision.com\/index.php?rest_route=%2Fwp%2Fv2%2Fcategories&post=129566"},{"taxonomy":"post_tag","embeddable":true,"href":"https:\/\/formalprision.com\/index.php?rest_route=%2Fwp%2Fv2%2Ftags&post=129566"}],"curies":[{"name":"wp","href":"https:\/\/api.w.org\/{rel}","templated":true}]}}