{"id":129698,"date":"2025-03-18T16:35:14","date_gmt":"2025-03-18T21:35:14","guid":{"rendered":"https:\/\/formalprision.com\/?p=129698"},"modified":"2025-03-19T10:10:11","modified_gmt":"2025-03-19T15:10:11","slug":"va-cecilia-patron-por-un-crecimiento-urbano-ordenado","status":"publish","type":"post","link":"https:\/\/formalprision.com\/?p=129698","title":{"rendered":"Va Cecilia Patr\u00f3n por un crecimiento urbano ordenado"},"content":{"rendered":"\n<p>M\u00e9rida, Yucat\u00e1n.-Cumpliendo con el compromiso de tener una M\u00e9rida m\u00e1s ordenada y con justicia social, la alcaldesa Cecilia Patr\u00f3n Laviada present\u00f3 un primer diagn\u00f3stico del Programa Municipal de Ordenamiento Territorial y Desarrollo Urbano de M\u00e9rida, que incluye por primera vez a las 47 comisar\u00edas en la planificaci\u00f3n urbana del municipio.<\/p>\n\n\n\n<p>\u201cM\u00e9rida ha crecido much\u00edsimo en los \u00faltimos a\u00f1os, y es uno de los grandes retos en el que estamos trabajando de forma profunda en esta administraci\u00f3n, tener un ordenamiento claro y transparente para que las y los meridanos puedan estar en una ciudad justa, en un espacio en el que se pueda vivir en paz, tranquilidad y armon\u00eda, con orden\u201d, se\u00f1al\u00f3 la alcaldesa durante la acostumbrada reuni\u00f3n semanal con los medios de comunicaci\u00f3n.<\/p>\n\n\n\n<p>\u201cDentro esta planificaci\u00f3n esta vez incluimos a las 47 comisar\u00edas. Las y los comisarios han sido invitados a las mesas de trabajo para que plasmen su sentir, la situaci\u00f3n que viven, participando junto con especialistas urbanistas, ambientalistas y cualquier ciudadano que tenga inter\u00e9s en su ciudad, involucrando a toda la sociedad\u201d puntualiz\u00f3.<\/p>\n\n\n\n<p>Este programa contar\u00e1 con una visi\u00f3n metropolitana que, por primera vez, ir\u00e1 m\u00e1s all\u00e1 de las delimitaciones y necesidades locales; en coordinaci\u00f3n con 14 municipios de la zona conurbada como son Progreso, Conkal, Kanas\u00edn, Uc\u00fa y Um\u00e1n, entre otros, integrando proyectos regionales que beneficien a la zona en su conjunto.<\/p>\n\n\n\n<p>Adem\u00e1s, se actualizar\u00e1n las normativas municipales de construcci\u00f3n, desarrollos inmobiliarios, espacios p\u00fablicos y zona de monumentos hist\u00f3ricos, en una nueva forma de gobernar en la que no se construir\u00e1 s\u00f3lo por construir sino que se har\u00e1 con un prop\u00f3sito claro, ordenado, planificado y sostenible, redefiniendo el uso de suelo que asegure un crecimiento ordenado con zonas destinadas a vivienda, comercio, industria y conservaci\u00f3n natural.<\/p>\n\n\n\n<p>\u201cHay zonas que tienen ya vocaciones naturales culturales, comerciales, de vivienda y de desarrollos verticales, pero que ya cuentan con una vocaci\u00f3n definida en nuestra ciudad, y en las que tenemos que ir apeg\u00e1ndonos tratando de buscar que haya m\u00e1s orden\u201d, expres\u00f3 la mun\u00edcipe.<\/p>\n\n\n\n<p>\u201cA la fecha hemos escuchado a 432 personas de colonias y comisar\u00edas, mediante 30 talleres, y propuestas recibidas en la plataforma M\u00e9rida Decide, as\u00ed como en reuniones con comisarias y comisarios en las que se realizaron mesas de diagn\u00f3stico generales, intraurbanas y periurbanas, as\u00ed como mesas tem\u00e1ticas con urbanistas y especialistas, y con una alta participaci\u00f3n de las mujeres meridanas de m\u00e1s del 63 por ciento\u201d, agreg\u00f3.<\/p>\n\n\n\n<p>En este primer diagn\u00f3stico de participaci\u00f3n ciudadana realizado por el Instituto Municipal de Planeaci\u00f3n de M\u00e9rida entre los temas m\u00e1s recurrentes se encuentran la densificaci\u00f3n urbana, conectividad en comisar\u00edas, calles seguras para personas peatonas, \u00e1reas verdes y espacios urbanos, cuidado ambiental por uso de suelo y vivienda accesible.<\/p>\n\n\n\n<p>M\u00e9rida ha tenido un crecimiento poblacional del 9.3 por ciento, respecto a 2020 siendo un total 1 mill\u00f3n 85 mil 930 personas en 2025 con una densidad poblacional baja y una mancha urbana extensa y con un crecimiento vehicular del 5.7 por ciento, lo que representa 39 mil 575 nuevos veh\u00edculos, respecto a 2022 por lo que esta planificaci\u00f3n urbana es necesaria para el desarrollo y crecimiento futuro de la ciudad.<\/p>\n","protected":false},"excerpt":{"rendered":"<p>M\u00e9rida, Yucat\u00e1n.-Cumpliendo con el compromiso de tener una M\u00e9rida m\u00e1s ordenada y con justicia social, la alcaldesa Cecilia Patr\u00f3n Laviada present\u00f3 un primer diagn\u00f3stico del Programa Municipal de Ordenamiento Territorial<\/p>\n","protected":false},"author":1,"featured_media":129699,"comment_status":"open","ping_status":"open","sticky":false,"template":"","format":"standard","meta":{"jetpack_post_was_ever_published":false,"_jetpack_newsletter_access":"","_jetpack_dont_email_post_to_subs":false,"_jetpack_newsletter_tier_id":0,"_jetpack_memberships_contains_paywalled_content":false,"_jetpack_memberships_contains_paid_content":false,"footnotes":"","jetpack_publicize_message":"","jetpack_publicize_feature_enabled":true,"jetpack_social_post_already_shared":true,"jetpack_social_options":{"image_generator_settings":{"template":"highway","default_image_id":0,"font":"","enabled":false},"version":2}},"categories":[54],"tags":[],"class_list":["post-129698","post","type-post","status-publish","format-standard","has-post-thumbnail","hentry","category-yucatan"],"jetpack_publicize_connections":[],"jetpack_featured_media_url":"https:\/\/formalprision.com\/wp-content\/uploads\/2025\/03\/FB_IMG_1742332488872.jpg","jetpack_sharing_enabled":true,"jetpack_shortlink":"https:\/\/wp.me\/p6id8p-xJU","_links":{"self":[{"href":"https:\/\/formalprision.com\/index.php?rest_route=\/wp\/v2\/posts\/129698","targetHints":{"allow":["GET"]}}],"collection":[{"href":"https:\/\/formalprision.com\/index.php?rest_route=\/wp\/v2\/posts"}],"about":[{"href":"https:\/\/formalprision.com\/index.php?rest_route=\/wp\/v2\/types\/post"}],"author":[{"embeddable":true,"href":"https:\/\/formalprision.com\/index.php?rest_route=\/wp\/v2\/users\/1"}],"replies":[{"embeddable":true,"href":"https:\/\/formalprision.com\/index.php?rest_route=%2Fwp%2Fv2%2Fcomments&post=129698"}],"version-history":[{"count":1,"href":"https:\/\/formalprision.com\/index.php?rest_route=\/wp\/v2\/posts\/129698\/revisions"}],"predecessor-version":[{"id":129700,"href":"https:\/\/formalprision.com\/index.php?rest_route=\/wp\/v2\/posts\/129698\/revisions\/129700"}],"wp:featuredmedia":[{"embeddable":true,"href":"https:\/\/formalprision.com\/index.php?rest_route=\/wp\/v2\/media\/129699"}],"wp:attachment":[{"href":"https:\/\/formalprision.com\/index.php?rest_route=%2Fwp%2Fv2%2Fmedia&parent=129698"}],"wp:term":[{"taxonomy":"category","embeddable":true,"href":"https:\/\/formalprision.com\/index.php?rest_route=%2Fwp%2Fv2%2Fcategories&post=129698"},{"taxonomy":"post_tag","embeddable":true,"href":"https:\/\/formalprision.com\/index.php?rest_route=%2Fwp%2Fv2%2Ftags&post=129698"}],"curies":[{"name":"wp","href":"https:\/\/api.w.org\/{rel}","templated":true}]}}