{"id":129705,"date":"2025-03-18T20:02:17","date_gmt":"2025-03-19T01:02:17","guid":{"rendered":"https:\/\/formalprision.com\/?p=129705"},"modified":"2025-03-18T20:02:17","modified_gmt":"2025-03-19T01:02:17","slug":"de-trova-somos-un-concierto-para-festejar-la-identidad","status":"publish","type":"post","link":"https:\/\/formalprision.com\/?p=129705","title":{"rendered":"De Trova Somos, un concierto para festejar la identidad"},"content":{"rendered":"\n<p>M\u00e9rida, Yucat\u00e1n.-Desde el coraz\u00f3n de la ciudad, el Teatro Armando Manzanero latir\u00e1 el pr\u00f3ximo 21 de marzo en un encuentro con el romance y la tradici\u00f3n a trav\u00e9s de una de las expresiones art\u00edsticas m\u00e1s representativas de la cultura de Yucat\u00e1n: la trova.<\/p>\n\n\n\n<p>De Trova Somos es un concierto organizado por el Gobierno del Estado, a trav\u00e9s de la Secretar\u00eda de la Cultura y las Artes (SEDECULTA), con la participaci\u00f3n de las principales agrupaciones que siguen dando vida a este g\u00e9nero musical, acompa\u00f1ados por la revelaci\u00f3n juvenil yucateca Valeria Jasso, para festejar el D\u00eda del Trovador Yucateco con letras de sus protagonistas hist\u00f3ricos y actuales.<\/p>\n\n\n\n<p>Previamente, la noche del jueves 20 de marzo, se realizar\u00e1 la callejoneada de la trova con un recorrido que saldr\u00e1 de la Plaza Grande hasta el parque de Santa Luc\u00eda en medio de canciones y el sonido de las guitarras, entre otros instrumentos, que caracterizan a los tr\u00edos y grupos que mantienen viva esta tradici\u00f3n.<\/p>\n\n\n\n<p>Doris Carvajal Ak\u00e9, Reina de los Trovadores 2025, ser\u00e1 la invitada de honor en este paseo que promete disfrutarse desde su inicio cerca de las 20:30 horas y que cerrar\u00e1 poco despu\u00e9s al llegar al parque, donde continuar\u00e1n los festejos en homenaje a las y los grandes autores de Yucat\u00e1n.<\/p>\n\n\n\n<p>En este memorable evento se espera la participaci\u00f3n de m\u00e1s de 80 representantes de la Uni\u00f3n de Trovadores Pepe Dom\u00ednguez Sald\u00edvar, el Sindicato \u00danico de Trovadores de Yucat\u00e1n Armando Manzanero, la Uni\u00f3n de Trovadores de Yucat\u00e1n Guty C\u00e1rdenas y la Uni\u00f3n de Trovadores Profesionales Pastor Cervera Rosado. Tambi\u00e9n estar\u00e1n presentes integrantes del Consejo Directivo del Museo de la Canci\u00f3n Yucateca y el Comit\u00e9 21 de Marzo D\u00eda del Trovador, as\u00ed como la Sociedad Art\u00edstica Ricardo Palmer\u00edn.<\/p>\n\n\n\n<p>Al d\u00eda siguiente la fiesta continuar\u00e1 en el Teatro Armando Manzanero, donde integrantes de las cuatro agrupaciones de int\u00e9rpretes, compositores y compositoras participar\u00e1n en un recorrido musical con piezas cl\u00e1sicas de la trova y con la participaci\u00f3n de la cantante Valeria Jasso.<\/p>\n\n\n\n<p>Durante el recital ser\u00e1 entregada la Medalla Pastor Cervera que reconoce la trayectoria y aportaciones, pero sobre todo la pasi\u00f3n por la trova, en sus compositores o int\u00e9rpretes. Este a\u00f1o, por mayor\u00eda de votos, Juan G\u00f3mez Mart\u00ednez fue electo como recipiendario de la presea por m\u00e1s de medio siglo dedicado a la m\u00fasica.<\/p>\n","protected":false},"excerpt":{"rendered":"<p>M\u00e9rida, Yucat\u00e1n.-Desde el coraz\u00f3n de la ciudad, el Teatro Armando Manzanero latir\u00e1 el pr\u00f3ximo 21 de marzo en un encuentro con el romance y la tradici\u00f3n a trav\u00e9s de una<\/p>\n","protected":false},"author":1,"featured_media":129706,"comment_status":"open","ping_status":"open","sticky":false,"template":"","format":"standard","meta":{"jetpack_post_was_ever_published":false,"_jetpack_newsletter_access":"","_jetpack_dont_email_post_to_subs":false,"_jetpack_newsletter_tier_id":0,"_jetpack_memberships_contains_paywalled_content":false,"_jetpack_memberships_contains_paid_content":false,"footnotes":"","jetpack_publicize_message":"","jetpack_publicize_feature_enabled":true,"jetpack_social_post_already_shared":true,"jetpack_social_options":{"image_generator_settings":{"template":"highway","default_image_id":0,"font":"","enabled":false},"version":2}},"categories":[14],"tags":[],"class_list":["post-129705","post","type-post","status-publish","format-standard","has-post-thumbnail","hentry","category-merida"],"jetpack_publicize_connections":[],"jetpack_featured_media_url":"https:\/\/formalprision.com\/wp-content\/uploads\/2025\/03\/FB_IMG_1742345005869.jpg","jetpack_sharing_enabled":true,"jetpack_shortlink":"https:\/\/wp.me\/p6id8p-xK1","_links":{"self":[{"href":"https:\/\/formalprision.com\/index.php?rest_route=\/wp\/v2\/posts\/129705","targetHints":{"allow":["GET"]}}],"collection":[{"href":"https:\/\/formalprision.com\/index.php?rest_route=\/wp\/v2\/posts"}],"about":[{"href":"https:\/\/formalprision.com\/index.php?rest_route=\/wp\/v2\/types\/post"}],"author":[{"embeddable":true,"href":"https:\/\/formalprision.com\/index.php?rest_route=\/wp\/v2\/users\/1"}],"replies":[{"embeddable":true,"href":"https:\/\/formalprision.com\/index.php?rest_route=%2Fwp%2Fv2%2Fcomments&post=129705"}],"version-history":[{"count":1,"href":"https:\/\/formalprision.com\/index.php?rest_route=\/wp\/v2\/posts\/129705\/revisions"}],"predecessor-version":[{"id":129707,"href":"https:\/\/formalprision.com\/index.php?rest_route=\/wp\/v2\/posts\/129705\/revisions\/129707"}],"wp:featuredmedia":[{"embeddable":true,"href":"https:\/\/formalprision.com\/index.php?rest_route=\/wp\/v2\/media\/129706"}],"wp:attachment":[{"href":"https:\/\/formalprision.com\/index.php?rest_route=%2Fwp%2Fv2%2Fmedia&parent=129705"}],"wp:term":[{"taxonomy":"category","embeddable":true,"href":"https:\/\/formalprision.com\/index.php?rest_route=%2Fwp%2Fv2%2Fcategories&post=129705"},{"taxonomy":"post_tag","embeddable":true,"href":"https:\/\/formalprision.com\/index.php?rest_route=%2Fwp%2Fv2%2Ftags&post=129705"}],"curies":[{"name":"wp","href":"https:\/\/api.w.org\/{rel}","templated":true}]}}