{"id":129711,"date":"2025-03-19T07:54:53","date_gmt":"2025-03-19T12:54:53","guid":{"rendered":"https:\/\/formalprision.com\/?p=129711"},"modified":"2025-03-20T01:28:15","modified_gmt":"2025-03-20T06:28:15","slug":"piden-vacunarse-para-prevenir-sarampion-y-tosferina","status":"publish","type":"post","link":"https:\/\/formalprision.com\/?p=129711","title":{"rendered":"Piden vacunarse para prevenir sarampi\u00f3n y tosferina"},"content":{"rendered":"\n<p>El secretario de Salud, David Kershenobich, pidi\u00f3 a las poblaciones en riesgo que no cuentan con antecedente de vacunaci\u00f3n a que acudan a inmunizarse contra sarampi\u00f3n y tosferina, con el fin de prevenir contagios ante el brote de estas enfermedades.<\/p>\n\n\n\n<p>\u201cLa recomendaci\u00f3n m\u00e1s importante ante este brote de sarampi\u00f3n y tosferina es estar pendiente de los s\u00edntomas, pero, sobre todo, tratar de que las poblaciones en riesgo se vacunen. Todos los centros comunitarios y los hospitales tienen vacuna disponible\u201d, resalt\u00f3.<\/p>\n\n\n\n<p>Al participar en la conferencia matutina de la Presidenta Claudia Sheinbaum Pardo, el secretario de Salud afirm\u00f3 que hay suficientes dosis de vacuna, lo que permite cubrir todas las necesidades del pa\u00eds.<\/p>\n\n\n\n<p>Detall\u00f3 que la vacuna triple viral contra sarampi\u00f3n, rub\u00e9ola y paperas (SRP) se aplica a los 12 y 18 meses de edad. \u201cPor lo tanto, aquella persona que solo haya recibido una dosis debe recibir el refuerzo\u201d.<\/p>\n\n\n\n<p>El titular de Salud precis\u00f3 que tambi\u00e9n se recomienda aplicar una dosis de la doble viral contra sarampi\u00f3n y rub\u00e9ola (SR) a ni\u00f1os menores de nueve a\u00f1os, adolescentes y adultos de entre 11 y 39 a\u00f1os, as\u00ed como al personal de salud menor de 39 a\u00f1os que est\u00e1 en contacto con casos positivos, en caso de no recordar haber sido vacunados. Quienes tienen 40 a\u00f1os o m\u00e1s no requieren esta vacuna.<\/p>\n\n\n\n<p>Sobre la situaci\u00f3n actual del sarampi\u00f3n en el pa\u00eds, inform\u00f3 que en Chihuahua se han detectado 39 casos y en Oaxaca, otros cuatro; todos son importados o asociados a importaci\u00f3n. En el caso de Chihuahua, ninguna de las personas afectadas ten\u00eda antecedente de vacunaci\u00f3n.<\/p>\n\n\n\n<p>En cuanto a la tosferina, mencion\u00f3 que la protecci\u00f3n para ni\u00f1as y ni\u00f1os est\u00e1 incluida en la vacuna hexavalente, que se aplica a los 2, 4 y 6 meses de edad, con un refuerzo a los 18 meses. Tambi\u00e9n se aplica una dosis de refuerzo contra difteria, tosferina y t\u00e9tanos (DPT) a ni\u00f1as y ni\u00f1os de entre 4 y 7 a\u00f1os; a personas gestantes a partir de la semana 20 del embarazo, as\u00ed como al personal de salud en contacto con menores de un a\u00f1o.<\/p>\n\n\n\n<p>Adelant\u00f3 que, del 26 de abril al 3 de mayo, se llevar\u00e1 a cabo la Semana Nacional de Vacunaci\u00f3n, en la que se aplicar\u00e1n 14 biol\u00f3gicos con el objetivo de controlar enfermedades como poliomielitis, sarampi\u00f3n, tuberculosis y rub\u00e9ola. Explic\u00f3 que en cada entidad se establecer\u00e1n metas espec\u00edficas de cobertura.<\/p>\n\n\n\n<p>En la conferencia de prensa, el subsecretario de Integraci\u00f3n Sectorial y Coordinaci\u00f3n de Servicios de Atenci\u00f3n M\u00e9dica, Eduardo Clark, present\u00f3 el avance en la compra, abasto y distribuci\u00f3n de medicamentos e insumos para el sector salud. Se\u00f1al\u00f3 que, a la fecha, se han adquirido 4.7 mil millones de piezas por un costo de 248 mil millones de pesos, lo que representa un ahorro de 30 mil millones de pesos en comparaci\u00f3n con los precios de referencia de a\u00f1os anteriores.<\/p>\n\n\n\n<p>Precis\u00f3 que hasta el momento se han recibido 74 millones de piezas y que, entre el 18 de marzo y las siguientes dos semanas, se prev\u00e9 la entrega de 239 millones de piezas adicionales en el punto final de distribuci\u00f3n. Esto permitir\u00e1 un incremento notable en la disponibilidad de medicamentos en unidades m\u00e9dicas, hospitales, cl\u00ednicas y dem\u00e1s puntos del sector, lo que se traducir\u00e1 en un mayor abasto y capacidad de dispensaci\u00f3n para las personas usuarias.<\/p>\n\n\n\n<p>El subsecretario Eduardo Clark enfatiz\u00f3 que en los procesos de compra de medicamentos e insumos para la salud \u201cno hay un solo espacio para la corrupci\u00f3n, y cualquier indicio ser\u00e1 frenado, investigado y sancionado para garantizar las mejores condiciones de precio para el gobierno mexicano y los mejores medicamentos para los pacientes\u201d.<\/p>\n","protected":false},"excerpt":{"rendered":"<p>El secretario de Salud, David Kershenobich, pidi\u00f3 a las poblaciones en riesgo que no cuentan con antecedente de vacunaci\u00f3n a que acudan a inmunizarse contra sarampi\u00f3n y tosferina, con el<\/p>\n","protected":false},"author":2,"featured_media":129713,"comment_status":"open","ping_status":"open","sticky":false,"template":"","format":"standard","meta":{"jetpack_post_was_ever_published":false,"_jetpack_newsletter_access":"","_jetpack_dont_email_post_to_subs":false,"_jetpack_newsletter_tier_id":0,"_jetpack_memberships_contains_paywalled_content":false,"_jetpack_memberships_contains_paid_content":false,"footnotes":"","jetpack_publicize_message":"","jetpack_publicize_feature_enabled":true,"jetpack_social_post_already_shared":true,"jetpack_social_options":{"image_generator_settings":{"template":"highway","default_image_id":0,"font":"","enabled":false},"version":2}},"categories":[23,21],"tags":[],"class_list":["post-129711","post","type-post","status-publish","format-standard","has-post-thumbnail","hentry","category-del-mundo","category-nacionales"],"jetpack_publicize_connections":[],"jetpack_featured_media_url":"https:\/\/formalprision.com\/wp-content\/uploads\/2025\/03\/saram-2.jpg","jetpack_sharing_enabled":true,"jetpack_shortlink":"https:\/\/wp.me\/p6id8p-xK7","_links":{"self":[{"href":"https:\/\/formalprision.com\/index.php?rest_route=\/wp\/v2\/posts\/129711","targetHints":{"allow":["GET"]}}],"collection":[{"href":"https:\/\/formalprision.com\/index.php?rest_route=\/wp\/v2\/posts"}],"about":[{"href":"https:\/\/formalprision.com\/index.php?rest_route=\/wp\/v2\/types\/post"}],"author":[{"embeddable":true,"href":"https:\/\/formalprision.com\/index.php?rest_route=\/wp\/v2\/users\/2"}],"replies":[{"embeddable":true,"href":"https:\/\/formalprision.com\/index.php?rest_route=%2Fwp%2Fv2%2Fcomments&post=129711"}],"version-history":[{"count":1,"href":"https:\/\/formalprision.com\/index.php?rest_route=\/wp\/v2\/posts\/129711\/revisions"}],"predecessor-version":[{"id":129712,"href":"https:\/\/formalprision.com\/index.php?rest_route=\/wp\/v2\/posts\/129711\/revisions\/129712"}],"wp:featuredmedia":[{"embeddable":true,"href":"https:\/\/formalprision.com\/index.php?rest_route=\/wp\/v2\/media\/129713"}],"wp:attachment":[{"href":"https:\/\/formalprision.com\/index.php?rest_route=%2Fwp%2Fv2%2Fmedia&parent=129711"}],"wp:term":[{"taxonomy":"category","embeddable":true,"href":"https:\/\/formalprision.com\/index.php?rest_route=%2Fwp%2Fv2%2Fcategories&post=129711"},{"taxonomy":"post_tag","embeddable":true,"href":"https:\/\/formalprision.com\/index.php?rest_route=%2Fwp%2Fv2%2Ftags&post=129711"}],"curies":[{"name":"wp","href":"https:\/\/api.w.org\/{rel}","templated":true}]}}