{"id":129726,"date":"2025-03-19T14:17:05","date_gmt":"2025-03-19T19:17:05","guid":{"rendered":"https:\/\/formalprision.com\/?p=129726"},"modified":"2025-03-19T14:17:05","modified_gmt":"2025-03-19T19:17:05","slug":"cecilia-patron-anuncia-mejoramiento-de-calles-parques-y-vivienda","status":"publish","type":"post","link":"https:\/\/formalprision.com\/?p=129726","title":{"rendered":"Cecilia Patr\u00f3n anuncia mejoramiento de calles, parques y vivienda"},"content":{"rendered":"\n<p>M\u00e9rida, Yucat\u00e1n.-Con el objetivo de fortalecer la participaci\u00f3n ciudadana en la toma de decisiones y el combate a la pobreza, para disminuir la desigualdad en las colonias y comisar\u00edas de M\u00e9rida, la alcaldesa Cecilia Patr\u00f3n Laviada encabez\u00f3 la instalaci\u00f3n del Comit\u00e9 de Participaci\u00f3n Ciudadana de las Obras del Fondo del Ramo 33.<\/p>\n\n\n\n<p>\u00abLa instalaci\u00f3n de este Comit\u00e9 es un paso fundamental para seguir construyendo una M\u00e9rida m\u00e1s justa, equitativa y pr\u00f3spera para todos\u00bb, afirm\u00f3 la alcaldesa. \u00abNuestro compromiso es trabajar juntos con la ciudadan\u00eda para identificar las necesidades y prioridades de nuestra comunidad y destinar los recursos en infraestructura social, calles, parques y vivienda, priorizando a quienes m\u00e1s los necesitan\u00bb.<\/p>\n\n\n\n<p>El \u00f3rgano consultivo est\u00e1 integrado por representantes de la sociedad civil, organizaciones comunitarias y autoridades municipales, quienes trabajar\u00e1n juntos para analizar y priorizar las necesidades y requerimientos del municipio en materia de infraestructura social b\u00e1sica en la administraci\u00f3n 2024-2027.<\/p>\n\n\n\n<p>Durante la ceremonia de instalaci\u00f3n, la presidenta municipal destac\u00f3 la importancia de la participaci\u00f3n ciudadana en la toma de decisiones y asegur\u00f3 que el comit\u00e9 ser\u00e1 un espacio para que los ciudadanos puedan expresar sus necesidades y opiniones sobre las obras y acciones que se realizar\u00e1n con recursos del Fondo de Infraestructura Social Municipal.<\/p>\n\n\n\n<p>\u00abVamos a invertir principalmente en el desarrollo integral de las y los meridanos, para que vivan mejor\u00bb, asegur\u00f3 la alcaldesa. \u00abDestinaremos alrededor de 300 millones de pesos en infraestructura social, calles, parques y vivienda, priorizando a quienes m\u00e1s los necesitan\u00bb.<\/p>\n\n\n\n<p>Acompa\u00f1ada de Arturo Le\u00f3n Itz\u00e1, director de Desarrollo Social y Combate a la Pobreza, y secretario ejecutivo del comit\u00e9, la mun\u00edcipe asegur\u00f3 que la lucha contra la pobreza y la promoci\u00f3n de la justicia social son los ejes centrales de su gobierno, por lo que a trav\u00e9s del Comit\u00e9 del Ramo 33, se busca abordar las causas profundas de la pobreza y promover el desarrollo integral en todo el municipio.<\/p>\n\n\n\n<p>Cecilia mencion\u00f3 que en M\u00e9rida somos m\u00e1s de un mill\u00f3n de habitantes, de los cuales el 25.7 por ciento se encuentran en situaci\u00f3n de pobreza de acuerdo con el Coneval, 2020;&nbsp; y el 2.9 por ciento, en pobreza extrema. Ante este diagn\u00f3stico, es importante reforzar las acciones para el combate a la pobreza.<\/p>\n\n\n\n<p>Finalmente, agradeci\u00f3 la participaci\u00f3n de todos los integrantes del Comit\u00e9 y convoc\u00f3 a todos a caminar juntos para mejorar la calidad de vida de los meridanos con responsabilidad colectiva, transparencia y trabajo incansable.<\/p>\n","protected":false},"excerpt":{"rendered":"<p>M\u00e9rida, Yucat\u00e1n.-Con el objetivo de fortalecer la participaci\u00f3n ciudadana en la toma de decisiones y el combate a la pobreza, para disminuir la desigualdad en las colonias y comisar\u00edas de<\/p>\n","protected":false},"author":1,"featured_media":129727,"comment_status":"open","ping_status":"open","sticky":false,"template":"","format":"standard","meta":{"jetpack_post_was_ever_published":false,"_jetpack_newsletter_access":"","_jetpack_dont_email_post_to_subs":false,"_jetpack_newsletter_tier_id":0,"_jetpack_memberships_contains_paywalled_content":false,"_jetpack_memberships_contains_paid_content":false,"footnotes":"","jetpack_publicize_message":"","jetpack_publicize_feature_enabled":true,"jetpack_social_post_already_shared":true,"jetpack_social_options":{"image_generator_settings":{"template":"highway","default_image_id":0,"font":"","enabled":false},"version":2}},"categories":[54],"tags":[],"class_list":["post-129726","post","type-post","status-publish","format-standard","has-post-thumbnail","hentry","category-yucatan"],"jetpack_publicize_connections":[],"jetpack_featured_media_url":"https:\/\/formalprision.com\/wp-content\/uploads\/2025\/03\/FB_IMG_1742410462023.jpg","jetpack_sharing_enabled":true,"jetpack_shortlink":"https:\/\/wp.me\/p6id8p-xKm","_links":{"self":[{"href":"https:\/\/formalprision.com\/index.php?rest_route=\/wp\/v2\/posts\/129726","targetHints":{"allow":["GET"]}}],"collection":[{"href":"https:\/\/formalprision.com\/index.php?rest_route=\/wp\/v2\/posts"}],"about":[{"href":"https:\/\/formalprision.com\/index.php?rest_route=\/wp\/v2\/types\/post"}],"author":[{"embeddable":true,"href":"https:\/\/formalprision.com\/index.php?rest_route=\/wp\/v2\/users\/1"}],"replies":[{"embeddable":true,"href":"https:\/\/formalprision.com\/index.php?rest_route=%2Fwp%2Fv2%2Fcomments&post=129726"}],"version-history":[{"count":1,"href":"https:\/\/formalprision.com\/index.php?rest_route=\/wp\/v2\/posts\/129726\/revisions"}],"predecessor-version":[{"id":129728,"href":"https:\/\/formalprision.com\/index.php?rest_route=\/wp\/v2\/posts\/129726\/revisions\/129728"}],"wp:featuredmedia":[{"embeddable":true,"href":"https:\/\/formalprision.com\/index.php?rest_route=\/wp\/v2\/media\/129727"}],"wp:attachment":[{"href":"https:\/\/formalprision.com\/index.php?rest_route=%2Fwp%2Fv2%2Fmedia&parent=129726"}],"wp:term":[{"taxonomy":"category","embeddable":true,"href":"https:\/\/formalprision.com\/index.php?rest_route=%2Fwp%2Fv2%2Fcategories&post=129726"},{"taxonomy":"post_tag","embeddable":true,"href":"https:\/\/formalprision.com\/index.php?rest_route=%2Fwp%2Fv2%2Ftags&post=129726"}],"curies":[{"name":"wp","href":"https:\/\/api.w.org\/{rel}","templated":true}]}}