{"id":129756,"date":"2025-03-20T20:26:55","date_gmt":"2025-03-21T01:26:55","guid":{"rendered":"https:\/\/formalprision.com\/?p=129756"},"modified":"2025-03-21T04:48:22","modified_gmt":"2025-03-21T09:48:22","slug":"ante-el-riesgo-de-tosferina-cecilia-patron-refuerza-la-prevencion-de-la-salud-en-merida","status":"publish","type":"post","link":"https:\/\/formalprision.com\/?p=129756","title":{"rendered":"Ante el riesgo de tosferina, Cecilia Patr\u00f3n refuerza la prevenci\u00f3n de la salud en M\u00e9rida"},"content":{"rendered":"\n<p>M\u00c9RIDA, Yucat\u00e1n.- Con la prioridad de dar seguimiento a la alerta de aumento de casos de tosferina en M\u00e9xico, el Ayuntamiento de M\u00e9rida realiz\u00f3 la primera sesi\u00f3n de la mesa de trabajo de Atenci\u00f3n y Prevenci\u00f3n a la Salud.<\/p>\n\n\n\n<p>Por indicaci\u00f3n de la Presidenta Municipal Cecilia Patr\u00f3n Laviada, se acord\u00f3 trabajar de manera coordinada con los diferentes niveles de gobierno y expertos en la materia, en estrategias y acciones de reforzamiento para la prevenci\u00f3n de contagios en M\u00e9rida y sus comisar\u00edas.<\/p>\n\n\n\n<p>\u201cLa salud no espera, vamos a cuidar del bienestar de nuestras personas mayores y familias meridanas\u201d, afirm\u00f3 la Presidenta Municipal.<\/p>\n\n\n\n<p>El Comit\u00e9 Nacional de Vigilancia Epidemiol\u00f3gica (CONAVE) emiti\u00f3 una alerta derivada de los aumentos en casos de tosferina en las \u00faltimas semanas.<\/p>\n\n\n\n<p>En los dos primeros meses de 2025, se han registrado 120 casos confirmados con una incidencia de 0.08 casos por cien mil habitantes, distribuidos en 21 estados. En Yucat\u00e1n, hay 11 casos probables y dos confirmados.<\/p>\n\n\n\n<figure class=\"wp-block-image size-large\"><a href=\"http:\/\/formalprision.com\/wp-content\/uploads\/2025\/03\/WhatsApp-Image-2025-03-20-at-6.39.29-PM1.jpeg\"><img loading=\"lazy\" decoding=\"async\" width=\"1024\" height=\"682\" src=\"http:\/\/formalprision.com\/wp-content\/uploads\/2025\/03\/WhatsApp-Image-2025-03-20-at-6.39.29-PM1-1024x682.jpeg\" alt=\"\" class=\"wp-image-129758\" srcset=\"https:\/\/formalprision.com\/wp-content\/uploads\/2025\/03\/WhatsApp-Image-2025-03-20-at-6.39.29-PM1-1024x682.jpeg 1024w, https:\/\/formalprision.com\/wp-content\/uploads\/2025\/03\/WhatsApp-Image-2025-03-20-at-6.39.29-PM1-300x200.jpeg 300w, https:\/\/formalprision.com\/wp-content\/uploads\/2025\/03\/WhatsApp-Image-2025-03-20-at-6.39.29-PM1-768x512.jpeg 768w, https:\/\/formalprision.com\/wp-content\/uploads\/2025\/03\/WhatsApp-Image-2025-03-20-at-6.39.29-PM1-900x600.jpeg 900w, https:\/\/formalprision.com\/wp-content\/uploads\/2025\/03\/WhatsApp-Image-2025-03-20-at-6.39.29-PM1.jpeg 1280w\" sizes=\"auto, (max-width: 1024px) 100vw, 1024px\" \/><\/a><\/figure>\n\n\n\n<p>En la sesi\u00f3n, Jes\u00fas P\u00e9rez Ballote, director de Bienestar Humano, indic\u00f3 que estar\u00e1n atentos para dar seguimiento estricto a la alerta epidemiol\u00f3gica por casos de tos ferina que puede afectar principalmente a poblaci\u00f3n vulnerable como ni\u00f1os, personas mayores, con discapacidad y con enfermedades cr\u00f3nicas.<\/p>\n\n\n\n<p>\u201cEstamos trabajando para que en M\u00e9rida se refuerce el programa de vacunaci\u00f3n universal y, al mismo tiempo, propusimos que de ser necesario se habiliten para detecci\u00f3n y atenci\u00f3n los m\u00f3dulos m\u00e9dicos que dependen de la Subdirecci\u00f3n de Salud Municipal\u201d, destac\u00f3.<\/p>\n\n\n\n<p>A nombre de la alcaldesa, P\u00e9rez Ballote hizo un llamado a todos los integrantes de la mesa&nbsp;a continuar el trabajo coordinado y fortalecer las estrategias de vacunaci\u00f3n, de atenci\u00f3n&nbsp; a casos positivos y sobre todo la promoci\u00f3n para retomar las medidas de higiene en escuelas, centros laborales y espacios p\u00fablicos.<\/p>\n\n\n\n<p>Por su parte, el doctor Alfonso \u00c1vila Avil\u00e9s, subdirector de Salud del Ayuntamiento de M\u00e9rida, se\u00f1al\u00f3 que la tosferina es una enfermedad de tipo bacteriana confundida en sus primeros s\u00edntomas con el resfriado com\u00fan o catarro, pero que es altamente contagiosa al toser, estornudar o tener contacto con una persona infectada.<\/p>\n\n\n\n<p>Entre sus principales s\u00edntomas est\u00e1 una tos persistente que puede causar asfixia en menores, por lo que la poblaci\u00f3n vulnerable requiere prevenirse con la vacunaci\u00f3n sin dejar de lado el h\u00e1bito de cubrirse la boca y la nariz con un pa\u00f1uelo al toser o estornudar, el lavado completo de manos y la revisi\u00f3n del esquema de vacunaci\u00f3n para poder suministrar a quien no la tenga.<\/p>\n\n\n\n<p>En la reuni\u00f3n estuvieron presentes el regidor Juan de Dios Coll\u00ed Pinto, Jorge Avil\u00e9s Lizama, titular de la Unidad de Gesti\u00f3n, Planeaci\u00f3n y Evaluaci\u00f3n de la Comuna; Dr. Jorge Osorno G\u00f3mez , presidente del Colegio de M\u00e9dicos; Dra. Yazm\u00edn Karam, directora del Centro de Salud de Santa Rosa; Dra. Celmy Dur\u00e1n , presidenta del Colegio de Salud P\u00fablica de Yucat\u00e1n; Psic. Modesta Rivero, encargada de los Centros de Integraci\u00f3n Juvenil; Dr. Irving May Concha, del Centro de Investigaciones Regionales Dr. Hideyo Noguchi (UADY); Dra. Ileana Alonzo, de la Escuela de Ciencias de la Salud de la Universidad Marista; Dr. Alonso Sansores, en representaci\u00f3n del IMSS; Joanna Cardenas Pech, de Fundaci\u00f3n BAI, y CD. Javier Hern\u00e1ndez Chan, de la Jurisdicci\u00f3n Sanitaria no. 1 de los Servicios de Salud de Yucat\u00e1n.<\/p>\n","protected":false},"excerpt":{"rendered":"<p>M\u00c9RIDA, Yucat\u00e1n.- Con la prioridad de dar seguimiento a la alerta de aumento de casos de tosferina en M\u00e9xico, el Ayuntamiento de M\u00e9rida realiz\u00f3 la primera sesi\u00f3n de la mesa<\/p>\n","protected":false},"author":2,"featured_media":129759,"comment_status":"open","ping_status":"open","sticky":false,"template":"","format":"standard","meta":{"jetpack_post_was_ever_published":false,"_jetpack_newsletter_access":"","_jetpack_dont_email_post_to_subs":false,"_jetpack_newsletter_tier_id":0,"_jetpack_memberships_contains_paywalled_content":false,"_jetpack_memberships_contains_paid_content":false,"footnotes":"","jetpack_publicize_message":"","jetpack_publicize_feature_enabled":true,"jetpack_social_post_already_shared":true,"jetpack_social_options":{"image_generator_settings":{"template":"highway","default_image_id":0,"font":"","enabled":false},"version":2}},"categories":[54],"tags":[],"class_list":["post-129756","post","type-post","status-publish","format-standard","has-post-thumbnail","hentry","category-yucatan"],"jetpack_publicize_connections":[],"jetpack_featured_media_url":"https:\/\/formalprision.com\/wp-content\/uploads\/2025\/03\/WhatsApp-Image-2025-03-20-at-6.39.29-PM.jpeg","jetpack_sharing_enabled":true,"jetpack_shortlink":"https:\/\/wp.me\/p6id8p-xKQ","_links":{"self":[{"href":"https:\/\/formalprision.com\/index.php?rest_route=\/wp\/v2\/posts\/129756","targetHints":{"allow":["GET"]}}],"collection":[{"href":"https:\/\/formalprision.com\/index.php?rest_route=\/wp\/v2\/posts"}],"about":[{"href":"https:\/\/formalprision.com\/index.php?rest_route=\/wp\/v2\/types\/post"}],"author":[{"embeddable":true,"href":"https:\/\/formalprision.com\/index.php?rest_route=\/wp\/v2\/users\/2"}],"replies":[{"embeddable":true,"href":"https:\/\/formalprision.com\/index.php?rest_route=%2Fwp%2Fv2%2Fcomments&post=129756"}],"version-history":[{"count":2,"href":"https:\/\/formalprision.com\/index.php?rest_route=\/wp\/v2\/posts\/129756\/revisions"}],"predecessor-version":[{"id":129760,"href":"https:\/\/formalprision.com\/index.php?rest_route=\/wp\/v2\/posts\/129756\/revisions\/129760"}],"wp:featuredmedia":[{"embeddable":true,"href":"https:\/\/formalprision.com\/index.php?rest_route=\/wp\/v2\/media\/129759"}],"wp:attachment":[{"href":"https:\/\/formalprision.com\/index.php?rest_route=%2Fwp%2Fv2%2Fmedia&parent=129756"}],"wp:term":[{"taxonomy":"category","embeddable":true,"href":"https:\/\/formalprision.com\/index.php?rest_route=%2Fwp%2Fv2%2Fcategories&post=129756"},{"taxonomy":"post_tag","embeddable":true,"href":"https:\/\/formalprision.com\/index.php?rest_route=%2Fwp%2Fv2%2Ftags&post=129756"}],"curies":[{"name":"wp","href":"https:\/\/api.w.org\/{rel}","templated":true}]}}