{"id":129761,"date":"2025-03-20T21:04:06","date_gmt":"2025-03-21T02:04:06","guid":{"rendered":"https:\/\/formalprision.com\/?p=129761"},"modified":"2025-03-20T21:04:06","modified_gmt":"2025-03-21T02:04:06","slug":"merida-participa-en-encuentro-internacional-para-el-ordenamiento-sostenible-del-territorio","status":"publish","type":"post","link":"https:\/\/formalprision.com\/?p=129761","title":{"rendered":"M\u00e9rida participa en encuentro Internacional para el ordenamiento sostenible del territorio"},"content":{"rendered":"\n<p>La Presidenta Municipal de M\u00e9rida, Cecilia Patr\u00f3n Laviada, participa en el Encuentro de Autoridades Regionales y Locales del Banco Interamericano de Desarrollo, en Punta Arenas, Chile.<\/p>\n\n\n\n<p>\u00abImpulsamos el trabajo conjunto entre sectores para fortalecer la econom\u00eda, generar empleo y maximizar los beneficios sociales y ambientales, intercambiando estrategias innovadoras para el crecimiento sostenible pensando en el presente y futuro de nuestra ciudad\u00bb, extern\u00f3 la mun\u00edcipe.<\/p>\n\n\n\n<p>Con la tem\u00e1tica Liderazgo Local e Innovaci\u00f3n para Desarrollo Territorial Resiliente en Am\u00e9rica Latina y el Caribe, la Alcaldesa particip\u00f3 en el di\u00e1logo de buenas pr\u00e1cticas gubernamentales para un crecimiento econ\u00f3mico y resiliente con otras ciudades l\u00edderes de las cuales M\u00e9rida destaca por su ordenamiento.<\/p>\n\n\n\n<p>\u00abAnte grandes retos, M\u00e9rida requiere soluciones espec\u00edficas para un crecimiento ordenado con m\u00e1s oportunidades justas y que vayan de la mano con el cuidado al medio ambiente, con una planificaci\u00f3n territorial eficiente, con innovaci\u00f3n y haciendo uso de la tecnolog\u00eda\u00bb destac\u00f3.<\/p>\n\n\n\n<p>Este encuentro internacional se lleva a cabo este 20 y 21 de marzo en Punta Arenas, Regi\u00f3n de Magallanes y la Ant\u00e1rtica Chilena, permitiendo el intercambio de experiencias en planificaci\u00f3n territorial de manera resiliente abordando el crecimiento econ\u00f3mico con beneficios sociales y ambientales, utilizaci\u00f3n de tecnolog\u00edas verdes, turismo sostenible, planificaci\u00f3n urbana, modernizaci\u00f3n de infraestructura, bienestar comunitario as\u00ed como la diversificaci\u00f3n de econom\u00edas locales, y la reconversi\u00f3n territorial en la b\u00fasqueda de adaptar ciudades y regiones a nuevas din\u00e1micas econ\u00f3micas y sociales.<\/p>\n","protected":false},"excerpt":{"rendered":"<p>La Presidenta Municipal de M\u00e9rida, Cecilia Patr\u00f3n Laviada, participa en el Encuentro de Autoridades Regionales y Locales del Banco Interamericano de Desarrollo, en Punta Arenas, Chile. \u00abImpulsamos el trabajo conjunto<\/p>\n","protected":false},"author":2,"featured_media":129763,"comment_status":"open","ping_status":"open","sticky":false,"template":"","format":"standard","meta":{"jetpack_post_was_ever_published":false,"_jetpack_newsletter_access":"","_jetpack_dont_email_post_to_subs":false,"_jetpack_newsletter_tier_id":0,"_jetpack_memberships_contains_paywalled_content":false,"_jetpack_memberships_contains_paid_content":false,"footnotes":"","jetpack_publicize_message":"","jetpack_publicize_feature_enabled":true,"jetpack_social_post_already_shared":true,"jetpack_social_options":{"image_generator_settings":{"template":"highway","default_image_id":0,"font":"","enabled":false},"version":2}},"categories":[14],"tags":[],"class_list":["post-129761","post","type-post","status-publish","format-standard","has-post-thumbnail","hentry","category-merida"],"jetpack_publicize_connections":[],"jetpack_featured_media_url":"https:\/\/formalprision.com\/wp-content\/uploads\/2025\/03\/WhatsApp-Image-2025-03-20-at-6.48.03-PM.jpeg","jetpack_sharing_enabled":true,"jetpack_shortlink":"https:\/\/wp.me\/p6id8p-xKV","_links":{"self":[{"href":"https:\/\/formalprision.com\/index.php?rest_route=\/wp\/v2\/posts\/129761","targetHints":{"allow":["GET"]}}],"collection":[{"href":"https:\/\/formalprision.com\/index.php?rest_route=\/wp\/v2\/posts"}],"about":[{"href":"https:\/\/formalprision.com\/index.php?rest_route=\/wp\/v2\/types\/post"}],"author":[{"embeddable":true,"href":"https:\/\/formalprision.com\/index.php?rest_route=\/wp\/v2\/users\/2"}],"replies":[{"embeddable":true,"href":"https:\/\/formalprision.com\/index.php?rest_route=%2Fwp%2Fv2%2Fcomments&post=129761"}],"version-history":[{"count":1,"href":"https:\/\/formalprision.com\/index.php?rest_route=\/wp\/v2\/posts\/129761\/revisions"}],"predecessor-version":[{"id":129762,"href":"https:\/\/formalprision.com\/index.php?rest_route=\/wp\/v2\/posts\/129761\/revisions\/129762"}],"wp:featuredmedia":[{"embeddable":true,"href":"https:\/\/formalprision.com\/index.php?rest_route=\/wp\/v2\/media\/129763"}],"wp:attachment":[{"href":"https:\/\/formalprision.com\/index.php?rest_route=%2Fwp%2Fv2%2Fmedia&parent=129761"}],"wp:term":[{"taxonomy":"category","embeddable":true,"href":"https:\/\/formalprision.com\/index.php?rest_route=%2Fwp%2Fv2%2Fcategories&post=129761"},{"taxonomy":"post_tag","embeddable":true,"href":"https:\/\/formalprision.com\/index.php?rest_route=%2Fwp%2Fv2%2Ftags&post=129761"}],"curies":[{"name":"wp","href":"https:\/\/api.w.org\/{rel}","templated":true}]}}