{"id":130020,"date":"2025-03-27T23:55:30","date_gmt":"2025-03-28T04:55:30","guid":{"rendered":"https:\/\/formalprision.com\/?p=130020"},"modified":"2025-03-29T00:01:44","modified_gmt":"2025-03-29T05:01:44","slug":"texas-niega-la-libertad-a-yolanda-saldivar-por-la-brutalidad-del-asesinato-de-selena","status":"publish","type":"post","link":"https:\/\/formalprision.com\/?p=130020","title":{"rendered":"Texas niega libertad a Yolanda Sald\u00edvar por la \u2018brutalidad\u2019 del asesinato de Selena"},"content":{"rendered":"\n<p>La Junta de Indultos y Libertad Condicional del estado de Texas (EE.UU.) neg\u00f3 este jueves la libertad adelantada a Yolanda Sald\u00edvar, quien fue condenada hace tres d\u00e9cadas a cadena perpetua por el asesinato de la cantante Selena Quintanilla.<\/p>\n\n\n\n<p>El organismo inform\u00f3 que hab\u00edan decidido negar la petici\u00f3n debido a \u201cla naturaleza del delito\u201d y por considerarla un peligro para la sociedad.<\/p>\n\n\n\n<p>\u201cEl expediente indica que el delito en cuesti\u00f3n presenta elementos de brutalidad, violencia, comportamiento agresivo o una selecci\u00f3n consciente de la vulnerabilidad de la v\u00edctima, lo que demuestra un desprecio consciente por la vida, la seguridad o la propiedad de otros, de tal manera que el infractor representa una amenaza continua para la seguridad p\u00fablica\u201d, indica el texto.<\/p>\n\n\n\n<p>Sald\u00edvar, quien ahora tiene 64 a\u00f1os, fue encontrada culpable en octubre de 1995 y condenada a cadena perpetua, por el asesinato perpetrado en la ciudad texana de Corpus Christi el 31 de marzo de 1995.<\/p>\n\n\n\n<p>Las leyes estadounidenses permiten que este tipo de sentencias sean reevaluadas despu\u00e9s de tres d\u00e9cadas.<\/p>\n\n\n\n<p>La familia Quintanilla y Chris P\u00e9rez, el viudo de la v\u00edctima, se declararon \u201cagradecidos\u201d de que se haya decidido negar la libertad condicional a Sald\u00edvar, quien no podr\u00e1 solicitar nuevamente la libertad sino hasta dentro de cinco a\u00f1os.<\/p>\n\n\n\n<p>\u201cAunque nada nos puede devolver a Selena, esta decisi\u00f3n reafirma que la justicia contin\u00faa del lado de la hermosa vida que nos robaron demasiado pronto a nosotros y a los millones de fans en todo el mundo\u201d, indic\u00f3 un mensaje publicado en la cuenta de Instagram de Suzette Quintanilla, la hermana mayor de Selena.<\/p>\n\n\n\n<p>\u201cEl legado de Selena es de amor, m\u00fasica e inspiraci\u00f3n. Ella vivi\u00f3 con alegr\u00eda, fue generosa y sigue inspirando generaciones con su voz y su esp\u00edritu\u201d, agregaron.<\/p>\n","protected":false},"excerpt":{"rendered":"<p>La Junta de Indultos y Libertad Condicional del estado de Texas (EE.UU.) neg\u00f3 este jueves la libertad adelantada a Yolanda Sald\u00edvar, quien fue condenada hace tres d\u00e9cadas a cadena perpetua<\/p>\n","protected":false},"author":2,"featured_media":130022,"comment_status":"open","ping_status":"open","sticky":false,"template":"","format":"standard","meta":{"jetpack_post_was_ever_published":false,"_jetpack_newsletter_access":"","_jetpack_dont_email_post_to_subs":false,"_jetpack_newsletter_tier_id":0,"_jetpack_memberships_contains_paywalled_content":false,"_jetpack_memberships_contains_paid_content":false,"footnotes":"","jetpack_publicize_message":"","jetpack_publicize_feature_enabled":true,"jetpack_social_post_already_shared":true,"jetpack_social_options":{"image_generator_settings":{"template":"highway","default_image_id":0,"font":"","enabled":false},"version":2}},"categories":[23],"tags":[],"class_list":["post-130020","post","type-post","status-publish","format-standard","has-post-thumbnail","hentry","category-del-mundo"],"jetpack_publicize_connections":[],"jetpack_featured_media_url":"https:\/\/formalprision.com\/wp-content\/uploads\/2025\/03\/yola.jpg","jetpack_sharing_enabled":true,"jetpack_shortlink":"https:\/\/wp.me\/p6id8p-xP6","_links":{"self":[{"href":"https:\/\/formalprision.com\/index.php?rest_route=\/wp\/v2\/posts\/130020","targetHints":{"allow":["GET"]}}],"collection":[{"href":"https:\/\/formalprision.com\/index.php?rest_route=\/wp\/v2\/posts"}],"about":[{"href":"https:\/\/formalprision.com\/index.php?rest_route=\/wp\/v2\/types\/post"}],"author":[{"embeddable":true,"href":"https:\/\/formalprision.com\/index.php?rest_route=\/wp\/v2\/users\/2"}],"replies":[{"embeddable":true,"href":"https:\/\/formalprision.com\/index.php?rest_route=%2Fwp%2Fv2%2Fcomments&post=130020"}],"version-history":[{"count":2,"href":"https:\/\/formalprision.com\/index.php?rest_route=\/wp\/v2\/posts\/130020\/revisions"}],"predecessor-version":[{"id":130023,"href":"https:\/\/formalprision.com\/index.php?rest_route=\/wp\/v2\/posts\/130020\/revisions\/130023"}],"wp:featuredmedia":[{"embeddable":true,"href":"https:\/\/formalprision.com\/index.php?rest_route=\/wp\/v2\/media\/130022"}],"wp:attachment":[{"href":"https:\/\/formalprision.com\/index.php?rest_route=%2Fwp%2Fv2%2Fmedia&parent=130020"}],"wp:term":[{"taxonomy":"category","embeddable":true,"href":"https:\/\/formalprision.com\/index.php?rest_route=%2Fwp%2Fv2%2Fcategories&post=130020"},{"taxonomy":"post_tag","embeddable":true,"href":"https:\/\/formalprision.com\/index.php?rest_route=%2Fwp%2Fv2%2Ftags&post=130020"}],"curies":[{"name":"wp","href":"https:\/\/api.w.org\/{rel}","templated":true}]}}