{"id":130025,"date":"2025-03-28T13:58:22","date_gmt":"2025-03-28T18:58:22","guid":{"rendered":"https:\/\/formalprision.com\/?p=130025"},"modified":"2025-03-28T13:58:22","modified_gmt":"2025-03-28T18:58:22","slug":"los-super-caracoles-de-luto-fallece-el-gran-jefe-pluma-blanca","status":"publish","type":"post","link":"https:\/\/formalprision.com\/?p=130025","title":{"rendered":"Los S\u00faper Caracoles de luto: fallece el &#8216;Gran Jefe Pluma Blanca&#8217;"},"content":{"rendered":"\n<p>M\u00c9RIDA, Yucat\u00e1n.- El grupo musical Los S\u00faper Caracoles dieron a conocer el lamentable fallecimiento de uno de sus integrantes, Juan Carlos Contreras, conocido como \u00abGran Jefe Pluma Blanca\u00bb, quien fue uno de los fundadores del grupo.<\/p>\n\n\n\n<p>\u00abA nombre de nuestras familias con gran dolor les comunicamos que nuestro hermano mayor, el Gran Jefe Pluma Blanca, acaba de fallecer\u00bb, publicaron en sus redes.<\/p>\n\n\n\n<p>Asimismo, informaron que m\u00e1s tarde comentar\u00edan donde ser\u00e1 velado quien tambi\u00e9n fue vocalista del grupo.<\/p>\n","protected":false},"excerpt":{"rendered":"<p>M\u00c9RIDA, Yucat\u00e1n.- El grupo musical Los S\u00faper Caracoles dieron a conocer el lamentable fallecimiento de uno de sus integrantes, Juan Carlos Contreras, conocido como \u00abGran Jefe Pluma Blanca\u00bb, quien fue<\/p>\n","protected":false},"author":1,"featured_media":130026,"comment_status":"open","ping_status":"open","sticky":false,"template":"","format":"standard","meta":{"jetpack_post_was_ever_published":false,"_jetpack_newsletter_access":"","_jetpack_dont_email_post_to_subs":false,"_jetpack_newsletter_tier_id":0,"_jetpack_memberships_contains_paywalled_content":false,"_jetpack_memberships_contains_paid_content":false,"footnotes":"","jetpack_publicize_message":"","jetpack_publicize_feature_enabled":true,"jetpack_social_post_already_shared":true,"jetpack_social_options":{"image_generator_settings":{"template":"highway","default_image_id":0,"font":"","enabled":false},"version":2}},"categories":[14],"tags":[],"class_list":["post-130025","post","type-post","status-publish","format-standard","has-post-thumbnail","hentry","category-merida"],"jetpack_publicize_connections":[],"jetpack_featured_media_url":"https:\/\/formalprision.com\/wp-content\/uploads\/2025\/03\/FB_IMG_1743177324679.jpg","jetpack_sharing_enabled":true,"jetpack_shortlink":"https:\/\/wp.me\/p6id8p-xPb","_links":{"self":[{"href":"https:\/\/formalprision.com\/index.php?rest_route=\/wp\/v2\/posts\/130025","targetHints":{"allow":["GET"]}}],"collection":[{"href":"https:\/\/formalprision.com\/index.php?rest_route=\/wp\/v2\/posts"}],"about":[{"href":"https:\/\/formalprision.com\/index.php?rest_route=\/wp\/v2\/types\/post"}],"author":[{"embeddable":true,"href":"https:\/\/formalprision.com\/index.php?rest_route=\/wp\/v2\/users\/1"}],"replies":[{"embeddable":true,"href":"https:\/\/formalprision.com\/index.php?rest_route=%2Fwp%2Fv2%2Fcomments&post=130025"}],"version-history":[{"count":1,"href":"https:\/\/formalprision.com\/index.php?rest_route=\/wp\/v2\/posts\/130025\/revisions"}],"predecessor-version":[{"id":130027,"href":"https:\/\/formalprision.com\/index.php?rest_route=\/wp\/v2\/posts\/130025\/revisions\/130027"}],"wp:featuredmedia":[{"embeddable":true,"href":"https:\/\/formalprision.com\/index.php?rest_route=\/wp\/v2\/media\/130026"}],"wp:attachment":[{"href":"https:\/\/formalprision.com\/index.php?rest_route=%2Fwp%2Fv2%2Fmedia&parent=130025"}],"wp:term":[{"taxonomy":"category","embeddable":true,"href":"https:\/\/formalprision.com\/index.php?rest_route=%2Fwp%2Fv2%2Fcategories&post=130025"},{"taxonomy":"post_tag","embeddable":true,"href":"https:\/\/formalprision.com\/index.php?rest_route=%2Fwp%2Fv2%2Ftags&post=130025"}],"curies":[{"name":"wp","href":"https:\/\/api.w.org\/{rel}","templated":true}]}}