{"id":130031,"date":"2025-03-28T19:16:03","date_gmt":"2025-03-29T00:16:03","guid":{"rendered":"https:\/\/formalprision.com\/?p=130031"},"modified":"2025-03-29T09:44:17","modified_gmt":"2025-03-29T14:44:17","slug":"con-campana-para-usar-cascos-reforzara-gobierno-de-yucatan-la-seguridad-de-motociclistas","status":"publish","type":"post","link":"https:\/\/formalprision.com\/?p=130031","title":{"rendered":"Con campa\u00f1a para usar cascos reforzar\u00e1 Gobierno de Yucat\u00e1n la seguridad de motociclistas"},"content":{"rendered":"\n<p>M\u00e9rida, Yucat\u00e1n, a 28 de marzo de 2025.-Con el objetivo de disminuir las muertes y lesiones graves en accidentes viales de motociclistas, el Gobierno del Estado lanzar\u00e1 la campa\u00f1a El Casco No Es Opci\u00f3n, Es Tu Protecci\u00f3n.<\/p>\n\n\n\n<p>Estar\u00e1 a cargo de la Secretar\u00eda de Salud de Yucat\u00e1n (SSY), y cuenta con el apoyo de universidades y empresas locales, dirigida a reducir muertes y lesiones viales,<\/p>\n\n\n\n<figure class=\"wp-block-image size-full\"><a href=\"http:\/\/formalprision.com\/wp-content\/uploads\/2025\/03\/FB_IMG_1743206014333.jpg\"><img loading=\"lazy\" decoding=\"async\" width=\"810\" height=\"540\" src=\"http:\/\/formalprision.com\/wp-content\/uploads\/2025\/03\/FB_IMG_1743206014333.jpg\" alt=\"\" class=\"wp-image-130032\" srcset=\"https:\/\/formalprision.com\/wp-content\/uploads\/2025\/03\/FB_IMG_1743206014333.jpg 810w, https:\/\/formalprision.com\/wp-content\/uploads\/2025\/03\/FB_IMG_1743206014333-300x200.jpg 300w, https:\/\/formalprision.com\/wp-content\/uploads\/2025\/03\/FB_IMG_1743206014333-768x512.jpg 768w\" sizes=\"auto, (max-width: 810px) 100vw, 810px\" \/><\/a><\/figure>\n\n\n\n<p>El director de Prevenci\u00f3n y Protecci\u00f3n de la Salud, Javier Ignacio Balam L\u00f3pez, destac\u00f3 que la iniciativa st\u00e1 siendo coordinada por el Programa de Prevenci\u00f3n de Accidentes y Seguridad Vial de la dependencia, quien cuenta con la asesor\u00eda t\u00e9cnica del Laboratorio Urbano de la Universidad Modelo y con la colaboraci\u00f3n del Centro de Innovaci\u00f3n de la misma universidad, as\u00ed como el de la empresa Pen\u00ednsula Garage.<\/p>\n\n\n\n<p>Indic\u00f3 que se enriquece permanentemente la estrategia con reuniones peri\u00f3dicas en las que participan representantes de: la Secretar\u00eda de Seguridad P\u00fablica (SSP), la direcci\u00f3n de Seguridad P\u00fablica y Tr\u00e1nsito de Progreso (DSPTP), la Secretar\u00eda de Educaci\u00f3n del Gobierno del Estado de Yucat\u00e1n (SEGEY), el Ayuntamiento de Progreso, la Confederaci\u00f3n Patronal de la Rep\u00fablica Mexicana (COPARMEX), la Secretar\u00eda de las Juventudes Yucatecas (SEJUVEY), el Instituto del Deporte del Estado de Yucat\u00e1n (IDEY), el Centro de Investigaci\u00f3n y de Estudios Avanzados del Instituto Polit\u00e9cnico Nacional (CINVESTAV), el Ayuntamiento de Kanas\u00edn, la Polic\u00eda Municipal de M\u00e9rida (PPM) y el Instituto Municipal de Planeaci\u00f3n de M\u00e9rida (IMPLAN).<\/p>\n\n\n\n<p>Se encomend\u00f3 la iniciativa al responsable del Programa de Prevenci\u00f3n de Accidentes y Seguridad Vial, Rodrigo Alejandro Ram\u00edrez Victoria, quien se\u00f1al\u00f3 que se contempla que la estrategia incluya la difusi\u00f3n masiva a trav\u00e9s de redes sociales, la realizaci\u00f3n de talleres comunitarios y la distribuci\u00f3n de cascos certificados. Asimismo, expuso que se trabaja para realizar alianzas con empresas que entregan productos o servicios a domicilio y la participaci\u00f3n de influencers locales.<\/p>\n\n\n\n<p>Entre los principales acuerdos destacan: reforzar la aplicaci\u00f3n de la Norma Oficial Mexicana (NOM) 206 sobre cascos certificados, aportar recursos para talleres y materiales educativos, y vincular la campa\u00f1a con programas de educaci\u00f3n vial en escuelas y empresas.<\/p>\n\n\n\n<p>Las estad\u00edsticas se\u00f1alan que el 51.3% de las muertes viales en Yucat\u00e1n se producen en accidentes que involucran motociclistas, seg\u00fan el Secretariado T\u00e9cnico del Consejo Nacional para la Prevenci\u00f3n de Accidentes, STCONAPRA 2022.<\/p>\n\n\n\n<p>Subray\u00f3 que, de acuerdo con la Organizaci\u00f3n Mundial de la Salud (OMS), el uso adecuado del casco puede reducir hasta en un 69% las lesiones graves. Tambi\u00e9n enfatiz\u00f3 que, seg\u00fan la Fundaci\u00f3n MAPFRE, el 96% de los cascos no abrochados se desprenden durante un accidente.<\/p>\n\n\n\n<p>La SSY subray\u00f3 que esta campa\u00f1a no solo busca el cumplimiento de normas, sino transformar h\u00e1bitos ya que cada casco usado es una vida protegida.<\/p>\n","protected":false},"excerpt":{"rendered":"<p>M\u00e9rida, Yucat\u00e1n, a 28 de marzo de 2025.-Con el objetivo de disminuir las muertes y lesiones graves en accidentes viales de motociclistas, el Gobierno del Estado lanzar\u00e1 la campa\u00f1a El<\/p>\n","protected":false},"author":1,"featured_media":129913,"comment_status":"open","ping_status":"open","sticky":false,"template":"","format":"standard","meta":{"jetpack_post_was_ever_published":false,"_jetpack_newsletter_access":"","_jetpack_dont_email_post_to_subs":false,"_jetpack_newsletter_tier_id":0,"_jetpack_memberships_contains_paywalled_content":false,"_jetpack_memberships_contains_paid_content":false,"footnotes":"","jetpack_publicize_message":"","jetpack_publicize_feature_enabled":true,"jetpack_social_post_already_shared":true,"jetpack_social_options":{"image_generator_settings":{"template":"highway","default_image_id":0,"font":"","enabled":false},"version":2}},"categories":[55],"tags":[],"class_list":["post-130031","post","type-post","status-publish","format-standard","has-post-thumbnail","hentry","category-violines"],"jetpack_publicize_connections":[],"jetpack_featured_media_url":"https:\/\/formalprision.com\/wp-content\/uploads\/2025\/03\/FB_IMG_1742926942681.jpg","jetpack_sharing_enabled":true,"jetpack_shortlink":"https:\/\/wp.me\/p6id8p-xPh","_links":{"self":[{"href":"https:\/\/formalprision.com\/index.php?rest_route=\/wp\/v2\/posts\/130031","targetHints":{"allow":["GET"]}}],"collection":[{"href":"https:\/\/formalprision.com\/index.php?rest_route=\/wp\/v2\/posts"}],"about":[{"href":"https:\/\/formalprision.com\/index.php?rest_route=\/wp\/v2\/types\/post"}],"author":[{"embeddable":true,"href":"https:\/\/formalprision.com\/index.php?rest_route=\/wp\/v2\/users\/1"}],"replies":[{"embeddable":true,"href":"https:\/\/formalprision.com\/index.php?rest_route=%2Fwp%2Fv2%2Fcomments&post=130031"}],"version-history":[{"count":1,"href":"https:\/\/formalprision.com\/index.php?rest_route=\/wp\/v2\/posts\/130031\/revisions"}],"predecessor-version":[{"id":130033,"href":"https:\/\/formalprision.com\/index.php?rest_route=\/wp\/v2\/posts\/130031\/revisions\/130033"}],"wp:featuredmedia":[{"embeddable":true,"href":"https:\/\/formalprision.com\/index.php?rest_route=\/wp\/v2\/media\/129913"}],"wp:attachment":[{"href":"https:\/\/formalprision.com\/index.php?rest_route=%2Fwp%2Fv2%2Fmedia&parent=130031"}],"wp:term":[{"taxonomy":"category","embeddable":true,"href":"https:\/\/formalprision.com\/index.php?rest_route=%2Fwp%2Fv2%2Fcategories&post=130031"},{"taxonomy":"post_tag","embeddable":true,"href":"https:\/\/formalprision.com\/index.php?rest_route=%2Fwp%2Fv2%2Ftags&post=130031"}],"curies":[{"name":"wp","href":"https:\/\/api.w.org\/{rel}","templated":true}]}}