{"id":130034,"date":"2025-03-28T19:58:19","date_gmt":"2025-03-29T00:58:19","guid":{"rendered":"https:\/\/formalprision.com\/?p=130034"},"modified":"2025-03-29T11:35:02","modified_gmt":"2025-03-29T16:35:02","slug":"cecilia-patron-reforestara-merida-con-arboles-producidos-con-tecnologia-air-pot","status":"publish","type":"post","link":"https:\/\/formalprision.com\/?p=130034","title":{"rendered":"Cecilia Patr\u00f3n reforestar\u00e1 M\u00e9rida con \u00e1rboles producidos con tecnolog\u00eda Air-Pot"},"content":{"rendered":"\n<p>M\u00c9RIDA, Yucat\u00e1n.- Como parte de la estrategia M\u00e9rida Verde, la Presidenta Municipal Cecilia Patr\u00f3n Laviada supervis\u00f3 el avance de la implementaci\u00f3n de la tecnolog\u00eda Air-Pot en el vivero de la Reserva Ecol\u00f3gica de Cuxtal, para producci\u00f3n eficaz de \u00e1rboles, garantizando un mayor \u00edndice de supervivencia y crecimiento r\u00e1pido.<\/p>\n\n\n\n<p>\u201cCon este sistema de alta tecnolog\u00eda, el Ayuntamiento de M\u00e9rida innova en la producci\u00f3n de \u00e1rboles, permitiendo que cada especie pueda crecer de manera m\u00e1s sana, fuerte y de forma m\u00e1s r\u00e1pida\u201d, a\u00f1adi\u00f3.<\/p>\n\n\n\n<p>Dio a conocer que se cuenta con 2 mil Air-Pots, que se traducen en 2 mil \u00e1rboles que estar\u00e1n m\u00e1s grandes y, por lo tanto, con m\u00e1s probabilidad de que su vida sea mayor en las reforestaciones.<\/p>\n\n\n\n<p>Adem\u00e1s, la alcaldesa inform\u00f3 que el vivero de la Reserva Ecol\u00f3gica de Cuxtal cuenta con alrededor de 250 mil plantas forestales, frutales y ornamentales como el macul\u00ed, roble, helecho, orqu\u00eddeas y naranja, que servir\u00e1n para aumentar la infraestructura verde de la ciudad mediante las diferentes estrategias y programas del Ayuntamiento como son los Corredores Verdes y Una Familia, un \u00c1rbol.<\/p>\n\n\n\n<p>La alcaldesa adem\u00e1s reconoci\u00f3 el esfuerzo conjunto que realizan la Reserva Ecol\u00f3gica de Cuxtal, que encabeza Sandra Garc\u00eda Peregrina, y la Unidad de Medio Ambiente y Bienestar Animal, a cargo de Ra\u00fal Escalante Aguilar, con acciones que permitan conservar y robustecer la infraestructura verde natural y urbana de la ciudad y sus comisar\u00edas.<\/p>\n\n\n\n<p>Agradeci\u00f3 la presencia de Mauricio Morales Greene, presidente de la C\u00e1mara Nacional de la Industria de Desarrollo y Promoci\u00f3n de Vivienda, y Felipe Alberto Canul Moguel, presidente de la C\u00e1mara Mexicana de la Industria de la Construcci\u00f3n, (CMIC) Delegaci\u00f3n Yucat\u00e1n, a quienes pidi\u00f3 participar en estas estrategias, generar responsabilidad social y ayudar al robustecimiento arb\u00f3reo sembrando en sus desarrollos de vivienda, as\u00ed como en sus construcciones.<\/p>\n\n\n\n<p>\u00abEste es un trabajo coordinado, un trabajo en equipo entre todos. As\u00ed que abracemos los \u00e1rboles, M\u00e9rida los necesita, nuestras casas, espacios p\u00fablicos, camellones los necesitan, y cuenten con nosotros, porque la cultura de una ciudad ordenada y m\u00e1s verde es prioritaria en esta administraci\u00f3n\u00bb, resalt\u00f3 Cecilia.<\/p>\n\n\n\n<p>En su intervenci\u00f3n, Ra\u00fal Escalante explic\u00f3 que los Air-Pot ayudan a tener mayor aireaci\u00f3n en las ra\u00edces y m\u00e1s filtraci\u00f3n del agua, creando una ra\u00edz sana para obtener \u00e1rboles de 3, 4 o hasta 5 metros.<\/p>\n\n\n\n<p>El sistema permite una mejora en el proceso de plantaci\u00f3n, disminuyendo el estr\u00e9s del \u00e1rbol y garantizando un buen establecimiento en su nuevo entorno. Hay un beneficio urbano ya que previene ra\u00edces superficiales que pudiesen levantar el suelo, por lo que las especies producidas pueden destinarse a espacios p\u00fablicos como parques, avenidas o corredores verdes.<\/p>\n\n\n\n<p>Otra de las ventajas es que este tipo de contenedor puede reciclarse, teniendo una vida \u00fatil de entre 8 y 10 a\u00f1os, permitiendo varias producciones.<\/p>\n\n\n\n<p>Explic\u00f3 que en esta innovaci\u00f3n se utilizan especies de la regi\u00f3n que sean perennifolias, es decir, que tienen sus hojas el mayor tiempo del a\u00f1o, como el ram\u00f3n, chact\u00e9, roble, pich, ciricote, huaya del pa\u00eds, naranja agria y mandarina, as\u00ed como algunos ornamentales.<\/p>\n\n\n\n<p>Durante el recorrido de supervisi\u00f3n en el vivero estuvieron presentes la regidora Gabriela Gonz\u00e1lez Ojeda; el coordinador general de Desarrollo Ordenado y Gesti\u00f3n de la Ciudad, Carlos Vi\u00f1as Heredia, y el director de Servicios P\u00fablicos, Jorge Alberto Espinosa Atoche.<\/p>\n","protected":false},"excerpt":{"rendered":"<p>M\u00c9RIDA, Yucat\u00e1n.- Como parte de la estrategia M\u00e9rida Verde, la Presidenta Municipal Cecilia Patr\u00f3n Laviada supervis\u00f3 el avance de la implementaci\u00f3n de la tecnolog\u00eda Air-Pot en el vivero de la<\/p>\n","protected":false},"author":2,"featured_media":130036,"comment_status":"open","ping_status":"open","sticky":false,"template":"","format":"standard","meta":{"jetpack_post_was_ever_published":false,"_jetpack_newsletter_access":"","_jetpack_dont_email_post_to_subs":false,"_jetpack_newsletter_tier_id":0,"_jetpack_memberships_contains_paywalled_content":false,"_jetpack_memberships_contains_paid_content":false,"footnotes":"","jetpack_publicize_message":"","jetpack_publicize_feature_enabled":true,"jetpack_social_post_already_shared":true,"jetpack_social_options":{"image_generator_settings":{"template":"highway","default_image_id":0,"font":"","enabled":false},"version":2}},"categories":[54],"tags":[],"class_list":["post-130034","post","type-post","status-publish","format-standard","has-post-thumbnail","hentry","category-yucatan"],"jetpack_publicize_connections":[],"jetpack_featured_media_url":"https:\/\/formalprision.com\/wp-content\/uploads\/2025\/03\/WhatsApp-Image-2025-03-28-at-6.05.31-PM.jpeg","jetpack_sharing_enabled":true,"jetpack_shortlink":"https:\/\/wp.me\/p6id8p-xPk","_links":{"self":[{"href":"https:\/\/formalprision.com\/index.php?rest_route=\/wp\/v2\/posts\/130034","targetHints":{"allow":["GET"]}}],"collection":[{"href":"https:\/\/formalprision.com\/index.php?rest_route=\/wp\/v2\/posts"}],"about":[{"href":"https:\/\/formalprision.com\/index.php?rest_route=\/wp\/v2\/types\/post"}],"author":[{"embeddable":true,"href":"https:\/\/formalprision.com\/index.php?rest_route=\/wp\/v2\/users\/2"}],"replies":[{"embeddable":true,"href":"https:\/\/formalprision.com\/index.php?rest_route=%2Fwp%2Fv2%2Fcomments&post=130034"}],"version-history":[{"count":1,"href":"https:\/\/formalprision.com\/index.php?rest_route=\/wp\/v2\/posts\/130034\/revisions"}],"predecessor-version":[{"id":130035,"href":"https:\/\/formalprision.com\/index.php?rest_route=\/wp\/v2\/posts\/130034\/revisions\/130035"}],"wp:featuredmedia":[{"embeddable":true,"href":"https:\/\/formalprision.com\/index.php?rest_route=\/wp\/v2\/media\/130036"}],"wp:attachment":[{"href":"https:\/\/formalprision.com\/index.php?rest_route=%2Fwp%2Fv2%2Fmedia&parent=130034"}],"wp:term":[{"taxonomy":"category","embeddable":true,"href":"https:\/\/formalprision.com\/index.php?rest_route=%2Fwp%2Fv2%2Fcategories&post=130034"},{"taxonomy":"post_tag","embeddable":true,"href":"https:\/\/formalprision.com\/index.php?rest_route=%2Fwp%2Fv2%2Ftags&post=130034"}],"curies":[{"name":"wp","href":"https:\/\/api.w.org\/{rel}","templated":true}]}}