{"id":130037,"date":"2025-03-28T21:04:11","date_gmt":"2025-03-29T02:04:11","guid":{"rendered":"https:\/\/formalprision.com\/?p=130037"},"modified":"2025-03-28T23:43:00","modified_gmt":"2025-03-29T04:43:00","slug":"el-ayuntamiento-de-merida-fortalece-a-las-asociaciones-civiles-e-impulsa-la-participacion-ciudadana","status":"publish","type":"post","link":"https:\/\/formalprision.com\/?p=130037","title":{"rendered":"El Ayuntamiento fortalece a las asociaciones civiles e impulsa la participaci\u00f3n ciudadana"},"content":{"rendered":"\n<p>M\u00c9RIDA, Yucat\u00e1n.- Representantes de m\u00e1s de 50 asociaciones civiles participaron en la reuni\u00f3n \u201cAccede a los Programas Municipales\u201d, organizada por el Ayuntamiento de M\u00e9rida a trav\u00e9s de la Secretar\u00eda de Participaci\u00f3n y Atenci\u00f3n Ciudadana.<\/p>\n\n\n\n<p>La primera edici\u00f3n de esta actividad es parte del programa \u201cM\u00e9rida Contigo\u201d, bajo la iniciativa de \u201cM\u00e9rida Nos Une\u201d, en colaboraci\u00f3n con el Departamento de Sinergia Social de la Secretar\u00eda de Participaci\u00f3n y Atenci\u00f3n Ciudadana.<\/p>\n\n\n\n<p>La jornada incluy\u00f3 presentaciones del DIF M\u00e9rida, las Direcciones de Prosperidad y Bienestar Econ\u00f3mico, Desarrollo Social y Combate a la Pobreza, y Bienestar Humano, el Instituto de las Mujeres, la Unidad de Medio Ambiente y Bienestar Animal, Polic\u00eda Municipal, Gobernaci\u00f3n y Direcci\u00f3n de Catastro, entre otros.&nbsp;<\/p>\n\n\n\n<p>Los asistentes tambi\u00e9n participaron en una pl\u00e1tica sobre educaci\u00f3n financiera, y luego visitaron las mesas de informaci\u00f3n ubicadas fuera de la sala para conocer m\u00e1s detalles sobre los servicios.<\/p>\n\n\n\n<p>La presidenta del Centro de Atenci\u00f3n a Madres Solteras de Yucat\u00e1n, Reina Osorio, se\u00f1al\u00f3 la relevancia de este tipo de encuentros para las asociaciones y felicit\u00f3 las acciones de la alcaldesa Cecilia Patr\u00f3n Laviada.&nbsp;<\/p>\n\n\n\n<p>\u201cLa verdad el evento de hoy fue muy importante, ya que nos dieron a conocer los diversos servicios municipales. Felicito a la alcaldesa por realizar ese acercamiento y tomarnos en cuenta a las asociaciones, para que as\u00ed podamos ayudar a m\u00e1s personas\u00bb, expres\u00f3 Osorio.<\/p>\n\n\n\n<p>El titular de la Secretar\u00eda de Participaci\u00f3n y Atenci\u00f3n Ciudadana, Carlos Carrillo Paredes, destac\u00f3 que el programa \u201cM\u00e9rida Contigo\u201d une a dos importantes departamentos: Alianzas Ciudadanas, responsable de la campa\u00f1a permanente de \u201cM\u00e9rida Nos Une\u201d, y Sinergia Social, la suma de ambas, busca tener mayor alcance en la participaci\u00f3n ciudadana y&nbsp; vinculaci\u00f3n social para potenciar la labor de las organizaciones civiles del municipio de M\u00e9rida, a trav\u00e9s de un espacio \u00fanico de colaboraci\u00f3n, sensibilizaci\u00f3n y apoyo mutuo, brind\u00e1ndoles herramientas que les permitan mejorar su labor y tener un mayor impacto social.<\/p>\n\n\n\n<p>El evento cont\u00f3 con la presencia de los directores de Bienestar Humano, Jes\u00fas P\u00e9rez Ballote; de Gobernaci\u00f3n, Carmen Guadalupe Gonz\u00e1lez Mart\u00edn; de Catastro, Aura Loza \u00c1lvarez, el regidor Juan Medina Sulub, los coordinadores generales de Justicia Social y Desarrollo Humano, Flora Helena Zapata Mendiolea, y de Desarrollo Ordenado y Gesti\u00f3n de la Ciudad, Carlos Francisco Vi\u00f1as Heredia, y la presidenta del Consejo de Participaci\u00f3n Ciudadana, Jessica&nbsp;Ira\u00eds Flores&nbsp;Flores.<\/p>\n\n\n\n<p>Para m\u00e1s informaci\u00f3n sobre los programas municipales y c\u00f3mo acceder a ellos, las organizaciones interesadas pueden ponerse en contacto con la Secretar\u00eda de Participaci\u00f3n y Atenci\u00f3n Ciudadana.&nbsp;<\/p>\n","protected":false},"excerpt":{"rendered":"<p>M\u00c9RIDA, Yucat\u00e1n.- Representantes de m\u00e1s de 50 asociaciones civiles participaron en la reuni\u00f3n \u201cAccede a los Programas Municipales\u201d, organizada por el Ayuntamiento de M\u00e9rida a trav\u00e9s de la Secretar\u00eda de<\/p>\n","protected":false},"author":2,"featured_media":130039,"comment_status":"open","ping_status":"open","sticky":false,"template":"","format":"standard","meta":{"jetpack_post_was_ever_published":false,"_jetpack_newsletter_access":"","_jetpack_dont_email_post_to_subs":false,"_jetpack_newsletter_tier_id":0,"_jetpack_memberships_contains_paywalled_content":false,"_jetpack_memberships_contains_paid_content":false,"footnotes":"","jetpack_publicize_message":"","jetpack_publicize_feature_enabled":true,"jetpack_social_post_already_shared":true,"jetpack_social_options":{"image_generator_settings":{"template":"highway","default_image_id":0,"font":"","enabled":false},"version":2}},"categories":[14],"tags":[],"class_list":["post-130037","post","type-post","status-publish","format-standard","has-post-thumbnail","hentry","category-merida"],"jetpack_publicize_connections":[],"jetpack_featured_media_url":"https:\/\/formalprision.com\/wp-content\/uploads\/2025\/03\/WhatsApp-Image-2025-03-28-at-6.12.44-PM1.jpeg","jetpack_sharing_enabled":true,"jetpack_shortlink":"https:\/\/wp.me\/p6id8p-xPn","_links":{"self":[{"href":"https:\/\/formalprision.com\/index.php?rest_route=\/wp\/v2\/posts\/130037","targetHints":{"allow":["GET"]}}],"collection":[{"href":"https:\/\/formalprision.com\/index.php?rest_route=\/wp\/v2\/posts"}],"about":[{"href":"https:\/\/formalprision.com\/index.php?rest_route=\/wp\/v2\/types\/post"}],"author":[{"embeddable":true,"href":"https:\/\/formalprision.com\/index.php?rest_route=\/wp\/v2\/users\/2"}],"replies":[{"embeddable":true,"href":"https:\/\/formalprision.com\/index.php?rest_route=%2Fwp%2Fv2%2Fcomments&post=130037"}],"version-history":[{"count":2,"href":"https:\/\/formalprision.com\/index.php?rest_route=\/wp\/v2\/posts\/130037\/revisions"}],"predecessor-version":[{"id":130043,"href":"https:\/\/formalprision.com\/index.php?rest_route=\/wp\/v2\/posts\/130037\/revisions\/130043"}],"wp:featuredmedia":[{"embeddable":true,"href":"https:\/\/formalprision.com\/index.php?rest_route=\/wp\/v2\/media\/130039"}],"wp:attachment":[{"href":"https:\/\/formalprision.com\/index.php?rest_route=%2Fwp%2Fv2%2Fmedia&parent=130037"}],"wp:term":[{"taxonomy":"category","embeddable":true,"href":"https:\/\/formalprision.com\/index.php?rest_route=%2Fwp%2Fv2%2Fcategories&post=130037"},{"taxonomy":"post_tag","embeddable":true,"href":"https:\/\/formalprision.com\/index.php?rest_route=%2Fwp%2Fv2%2Ftags&post=130037"}],"curies":[{"name":"wp","href":"https:\/\/api.w.org\/{rel}","templated":true}]}}