{"id":132810,"date":"2025-07-03T16:57:54","date_gmt":"2025-07-03T21:57:54","guid":{"rendered":"https:\/\/formalprision.com\/?p=132810"},"modified":"2025-07-03T23:53:13","modified_gmt":"2025-07-04T04:53:13","slug":"lleva-cecilia-patron-los-servicios-del-ayuntamiento-a-el-porvenir","status":"publish","type":"post","link":"https:\/\/formalprision.com\/?p=132810","title":{"rendered":"Lleva Cecilia Patr\u00f3n los servicios del Ayuntamiento a El Porvenir"},"content":{"rendered":"\n<p>M\u00c9RIDA, Yucat\u00e1n.- Acercar todos los servicios del Ayuntamiento para mejorar la imagen urbana y resolver las necesidades de la comunidad con justicia social, es el objetivo del Mega Operativo de Limpieza que en su sexta edici\u00f3n lleg\u00f3 a la colonia El Porvenir, encabezado por la presidenta municipal Cecilia Patr\u00f3n Laviada.<\/p>\n\n\n\n<p>\u201cEsta colonia es un lugar que estimo mucho, donde adem\u00e1s tengo muchas amigas, por lo que me encuentro muy contenta de regresar. Aqu\u00ed estamos cumpliendo la palabra empe\u00f1ada con este Mega Operativo atendiendo calles, luminarias, alcantarillas y baches\u201d, comparti\u00f3 la alcaldesa.&nbsp;<\/p>\n\n\n\n<p>En esta zona se intervinieron 94 manzanas en las que se ubicaron 305 unidades econ\u00f3micas o negocios y se beneficiaron a m\u00e1s 3 mil 560 personas.&nbsp;<\/p>\n\n\n\n<p>Gracias al operativo \u201cCalle por Calle\u201d se detectaron y atendieron 252 rejillas obstruidas, 210 puntos con maleza y escombro, 186 tiraderos de basura, 73 baches, retiro de tres \u00e1rboles muertos, 60 autos abandonados, cinco predios bald\u00edos, cuatro podas de \u00e1rboles, dos desazolves de pozos, adem\u00e1s de la arborizaci\u00f3n de espacios p\u00fablicos de un \u00e1rea verde y dos parques.<\/p>\n\n\n\n<figure class=\"wp-block-image size-full\"><a href=\"http:\/\/formalprision.com\/wp-content\/uploads\/2025\/07\/WhatsApp-Image-2025-07-03-at-2.49.21-PM.jpeg\"><img loading=\"lazy\" decoding=\"async\" width=\"900\" height=\"599\" src=\"http:\/\/formalprision.com\/wp-content\/uploads\/2025\/07\/WhatsApp-Image-2025-07-03-at-2.49.21-PM.jpeg\" alt=\"\" class=\"wp-image-132813\" srcset=\"https:\/\/formalprision.com\/wp-content\/uploads\/2025\/07\/WhatsApp-Image-2025-07-03-at-2.49.21-PM.jpeg 900w, https:\/\/formalprision.com\/wp-content\/uploads\/2025\/07\/WhatsApp-Image-2025-07-03-at-2.49.21-PM-300x200.jpeg 300w, https:\/\/formalprision.com\/wp-content\/uploads\/2025\/07\/WhatsApp-Image-2025-07-03-at-2.49.21-PM-768x511.jpeg 768w\" sizes=\"auto, (max-width: 900px) 100vw, 900px\" \/><\/a><\/figure>\n\n\n\n<p>En esta jornada se cont\u00f3 con la participaci\u00f3n de brigadas, conformadas por personal de diferentes direcciones, distribuidas cada una en ocho zonas de intervenci\u00f3n con labores de barrido de calles, banquetas, camellones, para retirar hojas secas y basura, as\u00ed como limpieza de \u00e1reas verdes, parques, espacios p\u00fablicos, retiro de escombros y objetos voluminosos con apoyo de Servilimpia y Servicios P\u00fablicos.<\/p>\n\n\n\n<p>\u201cEl Porvenir podr\u00e1 disfrutar tambi\u00e9n de \u00e1reas infantiles m\u00e1s seguras y en buen estado, \u00e1reas verdes con m\u00e1s arbolitos, y calles mejor iluminadas con 205 nuevas luminarias tipo LED; as\u00ed como calles listas para esta temporada de lluvias\u201d inform\u00f3 la mun\u00edcipe.<\/p>\n\n\n\n<p>Y en la parte social, de forma integral, tambi\u00e9n se llev\u00f3 a cabo la Feria M\u00e9rida te Cuida en la que se cont\u00f3 con la activaci\u00f3n de Vecinos Vigilantes, el Programa D.A.R.E.&nbsp; de la Polic\u00eda Municipal, Feria de la Salud, Esterim\u00f3vil y el m\u00f3dulo Una familia un \u00e1rbol, volanteo y acercamiento con negocios y comercios para informar de diversos programas y reportes.&nbsp;<\/p>\n\n\n\n<p>La alcaldesa tambi\u00e9n record\u00f3 que como acci\u00f3n pilar de esta administraci\u00f3n municipal se han reparado en 10 meses, 218 mil 980 baches en 320 colonias y comisar\u00edas de la ciudad, respondiendo m\u00e1s de 23 mil reportes ciudadanos.<\/p>\n\n\n\n<p>\u201cEste operativo va a cambiar el rostro, la cara de esta colonia a la que queremos tanto trabajando en equipo, con los vecinos, que son la raz\u00f3n de nuestro trabajo de todos los d\u00edas\u201d finaliz\u00f3 Cecilia Patr\u00f3n.<\/p>\n","protected":false},"excerpt":{"rendered":"<p>M\u00c9RIDA, Yucat\u00e1n.- Acercar todos los servicios del Ayuntamiento para mejorar la imagen urbana y resolver las necesidades de la comunidad con justicia social, es el objetivo del Mega Operativo de<\/p>\n","protected":false},"author":2,"featured_media":132814,"comment_status":"open","ping_status":"open","sticky":false,"template":"","format":"standard","meta":{"jetpack_post_was_ever_published":false,"_jetpack_newsletter_access":"","_jetpack_dont_email_post_to_subs":false,"_jetpack_newsletter_tier_id":0,"_jetpack_memberships_contains_paywalled_content":false,"_jetpack_memberships_contains_paid_content":false,"footnotes":"","jetpack_publicize_message":"","jetpack_publicize_feature_enabled":true,"jetpack_social_post_already_shared":true,"jetpack_social_options":{"image_generator_settings":{"template":"highway","default_image_id":0,"font":"","enabled":false},"version":2}},"categories":[54],"tags":[],"class_list":["post-132810","post","type-post","status-publish","format-standard","has-post-thumbnail","hentry","category-yucatan"],"jetpack_publicize_connections":[],"jetpack_featured_media_url":"https:\/\/formalprision.com\/wp-content\/uploads\/2025\/07\/WhatsApp-Image-2025-07-03-at-2.49.19-PM.jpeg","jetpack_sharing_enabled":true,"jetpack_shortlink":"https:\/\/wp.me\/p6id8p-yy6","_links":{"self":[{"href":"https:\/\/formalprision.com\/index.php?rest_route=\/wp\/v2\/posts\/132810","targetHints":{"allow":["GET"]}}],"collection":[{"href":"https:\/\/formalprision.com\/index.php?rest_route=\/wp\/v2\/posts"}],"about":[{"href":"https:\/\/formalprision.com\/index.php?rest_route=\/wp\/v2\/types\/post"}],"author":[{"embeddable":true,"href":"https:\/\/formalprision.com\/index.php?rest_route=\/wp\/v2\/users\/2"}],"replies":[{"embeddable":true,"href":"https:\/\/formalprision.com\/index.php?rest_route=%2Fwp%2Fv2%2Fcomments&post=132810"}],"version-history":[{"count":3,"href":"https:\/\/formalprision.com\/index.php?rest_route=\/wp\/v2\/posts\/132810\/revisions"}],"predecessor-version":[{"id":132815,"href":"https:\/\/formalprision.com\/index.php?rest_route=\/wp\/v2\/posts\/132810\/revisions\/132815"}],"wp:featuredmedia":[{"embeddable":true,"href":"https:\/\/formalprision.com\/index.php?rest_route=\/wp\/v2\/media\/132814"}],"wp:attachment":[{"href":"https:\/\/formalprision.com\/index.php?rest_route=%2Fwp%2Fv2%2Fmedia&parent=132810"}],"wp:term":[{"taxonomy":"category","embeddable":true,"href":"https:\/\/formalprision.com\/index.php?rest_route=%2Fwp%2Fv2%2Fcategories&post=132810"},{"taxonomy":"post_tag","embeddable":true,"href":"https:\/\/formalprision.com\/index.php?rest_route=%2Fwp%2Fv2%2Ftags&post=132810"}],"curies":[{"name":"wp","href":"https:\/\/api.w.org\/{rel}","templated":true}]}}