{"id":132816,"date":"2025-07-03T17:03:20","date_gmt":"2025-07-03T22:03:20","guid":{"rendered":"https:\/\/formalprision.com\/?p=132816"},"modified":"2025-07-03T23:52:54","modified_gmt":"2025-07-04T04:52:54","slug":"gobierno-del-estado-reconstruye-primaria-en-la-colonia-azcorra","status":"publish","type":"post","link":"https:\/\/formalprision.com\/?p=132816","title":{"rendered":"Gobierno del Estado reconstruye primaria en la colonia Azcorra"},"content":{"rendered":"\n<p>M\u00e9rida, Yucat\u00e1n, a 3 de julio de 2025.-El Gobernador Joaqu\u00edn D\u00edaz Mena dio inicio a la reconstrucci\u00f3n total de la primaria \u00abAdolfina Carde\u00f1a Mar\u00edn de Arceo\u00bb, ubicada en la colonia Azcorra, obra que representa una inversi\u00f3n de 9.8 millones de pesos, contempla la edificaci\u00f3n de nuevas aulas, espacios administrativos y deportivos, y beneficiar\u00e1 directamente a 165 estudiantes y 11 docentes.<br>&nbsp;<br>Desde este centro educativo, el titular del Ejecutivo relat\u00f3 que esta escuela, como muchas otras p\u00fablicas, enfrentaba desde hace a\u00f1os condiciones dif\u00edciles, como aulas reducidas, poca ventilaci\u00f3n, falta de espacios deportivos y problemas de circulaci\u00f3n, por lo que ahora se est\u00e1 construyendo un plantel adecuado a las necesidades de la comunidad escolar.<\/p>\n\n\n\n<p>Sobre la obra, se inform\u00f3 que el proyecto consiste en la demolici\u00f3n total del antiguo edificio y la construcci\u00f3n de dos nuevos m\u00f3dulos: el primero con cuatro aulas did\u00e1cticas amplias, ventiladas naturalmente y climatizadas, con iluminaci\u00f3n LED y materiales resistentes al vandalismo; y el segundo, de dos niveles, que albergar\u00e1 ba\u00f1os, direcci\u00f3n, cocina, biblioteca, el m\u00f3dulo USAER y dos salones adicionales en la planta alta.<br>&nbsp;<br>Adem\u00e1s, se construir\u00e1 una cancha de usos m\u00faltiples, un domo, un biodigestor, una cisterna, andadores, iluminaci\u00f3n exterior, una subestaci\u00f3n el\u00e9ctrica de 50 KVA y se realizar\u00e1 mantenimiento a la barda perimetral.<br>&nbsp;<\/p>\n","protected":false},"excerpt":{"rendered":"<p>M\u00e9rida, Yucat\u00e1n, a 3 de julio de 2025.-El Gobernador Joaqu\u00edn D\u00edaz Mena dio inicio a la reconstrucci\u00f3n total de la primaria \u00abAdolfina Carde\u00f1a Mar\u00edn de Arceo\u00bb, ubicada en la colonia<\/p>\n","protected":false},"author":1,"featured_media":132817,"comment_status":"open","ping_status":"open","sticky":false,"template":"","format":"standard","meta":{"jetpack_post_was_ever_published":false,"_jetpack_newsletter_access":"","_jetpack_dont_email_post_to_subs":false,"_jetpack_newsletter_tier_id":0,"_jetpack_memberships_contains_paywalled_content":false,"_jetpack_memberships_contains_paid_content":false,"footnotes":"","jetpack_publicize_message":"","jetpack_publicize_feature_enabled":true,"jetpack_social_post_already_shared":true,"jetpack_social_options":{"image_generator_settings":{"template":"highway","default_image_id":0,"font":"","enabled":false},"version":2}},"categories":[14],"tags":[],"class_list":["post-132816","post","type-post","status-publish","format-standard","has-post-thumbnail","hentry","category-merida"],"jetpack_publicize_connections":[],"jetpack_featured_media_url":"https:\/\/formalprision.com\/wp-content\/uploads\/2025\/07\/IMG-20250703-WA0063.jpg","jetpack_sharing_enabled":true,"jetpack_shortlink":"https:\/\/wp.me\/p6id8p-yyc","_links":{"self":[{"href":"https:\/\/formalprision.com\/index.php?rest_route=\/wp\/v2\/posts\/132816","targetHints":{"allow":["GET"]}}],"collection":[{"href":"https:\/\/formalprision.com\/index.php?rest_route=\/wp\/v2\/posts"}],"about":[{"href":"https:\/\/formalprision.com\/index.php?rest_route=\/wp\/v2\/types\/post"}],"author":[{"embeddable":true,"href":"https:\/\/formalprision.com\/index.php?rest_route=\/wp\/v2\/users\/1"}],"replies":[{"embeddable":true,"href":"https:\/\/formalprision.com\/index.php?rest_route=%2Fwp%2Fv2%2Fcomments&post=132816"}],"version-history":[{"count":1,"href":"https:\/\/formalprision.com\/index.php?rest_route=\/wp\/v2\/posts\/132816\/revisions"}],"predecessor-version":[{"id":132818,"href":"https:\/\/formalprision.com\/index.php?rest_route=\/wp\/v2\/posts\/132816\/revisions\/132818"}],"wp:featuredmedia":[{"embeddable":true,"href":"https:\/\/formalprision.com\/index.php?rest_route=\/wp\/v2\/media\/132817"}],"wp:attachment":[{"href":"https:\/\/formalprision.com\/index.php?rest_route=%2Fwp%2Fv2%2Fmedia&parent=132816"}],"wp:term":[{"taxonomy":"category","embeddable":true,"href":"https:\/\/formalprision.com\/index.php?rest_route=%2Fwp%2Fv2%2Fcategories&post=132816"},{"taxonomy":"post_tag","embeddable":true,"href":"https:\/\/formalprision.com\/index.php?rest_route=%2Fwp%2Fv2%2Ftags&post=132816"}],"curies":[{"name":"wp","href":"https:\/\/api.w.org\/{rel}","templated":true}]}}