{"id":132843,"date":"2025-07-04T17:30:25","date_gmt":"2025-07-04T22:30:25","guid":{"rendered":"https:\/\/formalprision.com\/?p=132843"},"modified":"2025-07-04T17:30:25","modified_gmt":"2025-07-04T22:30:25","slug":"huacho-diaz-reafirma-compromiso-con-la-seguridad-en-yucatan","status":"publish","type":"post","link":"https:\/\/formalprision.com\/?p=132843","title":{"rendered":"Huacho D\u00edaz reafirma compromiso con la seguridad en Yucat\u00e1n"},"content":{"rendered":"\n<p>&nbsp;<br>M\u00e9rida, Yucat\u00e1n, a 4 de julio de 2025.-El gobernador&nbsp;Joaqu\u00edn D\u00edaz Mena&nbsp;encabez\u00f3 la&nbsp;trig\u00e9sima novena sesi\u00f3n&nbsp;del Consejo estatal de Seguridad P\u00fablica, en la cual se acordaron nuevas acciones para fortalecer la paz en la entidad y se supervis\u00f3 la aplicaci\u00f3n de m\u00e1s de&nbsp;765 millones de pesos&nbsp;destinados a capacitaci\u00f3n, infraestructura, videovigilancia y prevenci\u00f3n del delito._<\/p>\n\n\n\n<p>Desde las instalaciones del Centro de Control, Comando, Comunicaci\u00f3n, C\u00f3mputo e Inteligencia (C5i) de la SSP, el titular del Ejecutivo estatal destac\u00f3 que&nbsp;Yucat\u00e1n se mantiene entre las entidades m\u00e1s seguras del pa\u00eds, gracias al trabajo conjunto y la inversi\u00f3n constante en tecnolog\u00eda, capacitaci\u00f3n policial y fortalecimiento institucional.<br>&nbsp;<br>Junto al titular de la SSP,&nbsp;Luis Felipe Said\u00e9n Ojeda, D\u00edaz Mena destac\u00f3 la presentaci\u00f3n de los informes sobre la aplicaci\u00f3n de los recursos del&nbsp;Fondo de Aportaciones para la Seguridad P\u00fablica (FASP), el&nbsp;Fondo para el Fortalecimiento de las Instituciones de Seguridad P\u00fablica (Fofisp)&nbsp;y el&nbsp;Fondo de Aportaciones para el Fortalecimiento de los Municipios y de las Demarcaciones Territoriales del Distrito Federal (Fortamun), que en conjunto&nbsp;suman m\u00e1s de 765 millones de pesos.<br>&nbsp;<br>Explic\u00f3 que dichos recursos han sido destinados a la&nbsp;capacitaci\u00f3n policial, modernizaci\u00f3n del sistema de videovigilancia, infraestructura, equipamiento, dignificaci\u00f3n de los cuerpos de seguridad y estrategias de prevenci\u00f3n en municipios con mayor grado de marginaci\u00f3n.<br>&nbsp;<br>Asimismo, el Gobernador inform\u00f3 que&nbsp;se aprob\u00f3 la designaci\u00f3n de los municipios de M\u00e9rida y Valladolid&nbsp;para representar a Yucat\u00e1n en la&nbsp;Conferencia Nacional de Seguridad P\u00fablica Municipal.<br>&nbsp;<\/p>\n","protected":false},"excerpt":{"rendered":"<p>&nbsp;M\u00e9rida, Yucat\u00e1n, a 4 de julio de 2025.-El gobernador&nbsp;Joaqu\u00edn D\u00edaz Mena&nbsp;encabez\u00f3 la&nbsp;trig\u00e9sima novena sesi\u00f3n&nbsp;del Consejo estatal de Seguridad P\u00fablica, en la cual se acordaron nuevas acciones para fortalecer la paz<\/p>\n","protected":false},"author":1,"featured_media":132844,"comment_status":"open","ping_status":"open","sticky":false,"template":"","format":"standard","meta":{"jetpack_post_was_ever_published":false,"_jetpack_newsletter_access":"","_jetpack_dont_email_post_to_subs":false,"_jetpack_newsletter_tier_id":0,"_jetpack_memberships_contains_paywalled_content":false,"_jetpack_memberships_contains_paid_content":false,"footnotes":"","jetpack_publicize_message":"","jetpack_publicize_feature_enabled":true,"jetpack_social_post_already_shared":true,"jetpack_social_options":{"image_generator_settings":{"template":"highway","default_image_id":0,"font":"","enabled":false},"version":2}},"categories":[14],"tags":[],"class_list":["post-132843","post","type-post","status-publish","format-standard","has-post-thumbnail","hentry","category-merida"],"jetpack_publicize_connections":[],"jetpack_featured_media_url":"https:\/\/formalprision.com\/wp-content\/uploads\/2025\/07\/IMG-20250704-WA0073.jpg","jetpack_sharing_enabled":true,"jetpack_shortlink":"https:\/\/wp.me\/p6id8p-yyD","_links":{"self":[{"href":"https:\/\/formalprision.com\/index.php?rest_route=\/wp\/v2\/posts\/132843","targetHints":{"allow":["GET"]}}],"collection":[{"href":"https:\/\/formalprision.com\/index.php?rest_route=\/wp\/v2\/posts"}],"about":[{"href":"https:\/\/formalprision.com\/index.php?rest_route=\/wp\/v2\/types\/post"}],"author":[{"embeddable":true,"href":"https:\/\/formalprision.com\/index.php?rest_route=\/wp\/v2\/users\/1"}],"replies":[{"embeddable":true,"href":"https:\/\/formalprision.com\/index.php?rest_route=%2Fwp%2Fv2%2Fcomments&post=132843"}],"version-history":[{"count":1,"href":"https:\/\/formalprision.com\/index.php?rest_route=\/wp\/v2\/posts\/132843\/revisions"}],"predecessor-version":[{"id":132845,"href":"https:\/\/formalprision.com\/index.php?rest_route=\/wp\/v2\/posts\/132843\/revisions\/132845"}],"wp:featuredmedia":[{"embeddable":true,"href":"https:\/\/formalprision.com\/index.php?rest_route=\/wp\/v2\/media\/132844"}],"wp:attachment":[{"href":"https:\/\/formalprision.com\/index.php?rest_route=%2Fwp%2Fv2%2Fmedia&parent=132843"}],"wp:term":[{"taxonomy":"category","embeddable":true,"href":"https:\/\/formalprision.com\/index.php?rest_route=%2Fwp%2Fv2%2Fcategories&post=132843"},{"taxonomy":"post_tag","embeddable":true,"href":"https:\/\/formalprision.com\/index.php?rest_route=%2Fwp%2Fv2%2Ftags&post=132843"}],"curies":[{"name":"wp","href":"https:\/\/api.w.org\/{rel}","templated":true}]}}