{"id":132846,"date":"2025-07-04T17:33:02","date_gmt":"2025-07-04T22:33:02","guid":{"rendered":"https:\/\/formalprision.com\/?p=132846"},"modified":"2025-07-05T11:55:48","modified_gmt":"2025-07-05T16:55:48","slug":"la-vaqueria-yucateca-celebra-43-anos-de-ser-referente-cultural-de-merida","status":"publish","type":"post","link":"https:\/\/formalprision.com\/?p=132846","title":{"rendered":"La Vaquer\u00eda Yucateca celebra 43 a\u00f1os de ser referente cultural de M\u00e9rida"},"content":{"rendered":"\n<p>M\u00c9RIDA, Yucat\u00e1n.- Con m\u00e1s de 80 bailarines en escena y orquesta en vivo, el lunes 7 de julio la Vaquer\u00eda Yucateca festejar\u00e1 su 43 aniversario con una colorida y alegre fiesta en punto de las 9 de la noche en los bajos del Palacio Municipal.<\/p>\n\n\n\n<p>Ataviadas con coloridos ternos y rosarios de filigrana y, los hombres, con filipina blanca y elegantes alpargatas, el grupo folkl\u00f3rico deleitar\u00e1 a los asistentes con repertorio musical que incluye los acordes de la jarana \u201cAires Yucatecos\u201d, sones y jaranas tan conocidas como \u201cNict\u00e9 Ha\u201d, \u201cLas mujeres que se pintan\u201d, \u201cChinito koy koy\u201d, entre muchas m\u00e1s, hasta llegar al tradicional son de jaleo, el \u201cTorito\u201d. Tambi\u00e9n participar\u00e1n los maestros Sergio C\u00e1mara Gurbiel, como declamador, y Ra\u00fal Lam Medina como conductor del programa.<\/p>\n\n\n\n<p>La historia de este espect\u00e1culo que se ha consolidado dentro del gusto del p\u00fablico local y extranjero inicia en 1982, cuando el director de Cultura y Turismo Luis P\u00e9rez Sabido, buscando un espacio digno para las presentaciones de la vaquer\u00eda a cargo del grupo folcl\u00f3rico de la instituci\u00f3n, realiz\u00f3 la adaptaci\u00f3n en la parte posterior del Palacio Municipal, actualmente conocido como El Jard\u00edn de los compositores.<\/p>\n\n\n\n<p>Debido al \u00e9xito, en 1985 a iniciativa del alcalde Herb\u00e9 Rodr\u00edguez Abraham, se trasladaron al frente del Palacio Municipal, donde hasta la fecha se siguen efectuando.<\/p>\n\n\n\n<p>Hace algunos a\u00f1os, a las presentaciones de la vaquer\u00eda se integraron los Ballets Folcl\u00f3ricos Representativo y Ballet Folcl\u00f3rico del Adulto Mayor, siendo actualmente 5 Ballets Folcl\u00f3ricos de alta calidad con los que cuenta el Ayuntamiento de M\u00e9rida, dirigidos por: Irene Andrade Burgos (Titular), Evelin Arz\u00e1palo Caballero (Infantil), Joel Agust\u00edn Baas Baas (Juvenil), Jairo Aban Zapata (Representativo) y Omar Ortiz Canul (Adulto Mayor).<\/p>\n\n\n\n<p>Desde entonces forma parte de la Semana Meridana y cada lunes en el Palacio Municipal con el fin de preservar y difundir las tradiciones. Se puede admirar a los Ballets Folcl\u00f3ricos del Ayuntamiento de M\u00e9rida, acompa\u00f1ados por la Orquesta Jaranera de la misma instituci\u00f3n, dirigida actualmente por el maestro Edwin Irineo Canul Cuxim.<\/p>\n","protected":false},"excerpt":{"rendered":"<p>M\u00c9RIDA, Yucat\u00e1n.- Con m\u00e1s de 80 bailarines en escena y orquesta en vivo, el lunes 7 de julio la Vaquer\u00eda Yucateca festejar\u00e1 su 43 aniversario con una colorida y alegre<\/p>\n","protected":false},"author":2,"featured_media":132848,"comment_status":"open","ping_status":"open","sticky":false,"template":"","format":"standard","meta":{"jetpack_post_was_ever_published":false,"_jetpack_newsletter_access":"","_jetpack_dont_email_post_to_subs":false,"_jetpack_newsletter_tier_id":0,"_jetpack_memberships_contains_paywalled_content":false,"_jetpack_memberships_contains_paid_content":false,"footnotes":"","jetpack_publicize_message":"","jetpack_publicize_feature_enabled":true,"jetpack_social_post_already_shared":true,"jetpack_social_options":{"image_generator_settings":{"template":"highway","default_image_id":0,"font":"","enabled":false},"version":2}},"categories":[54],"tags":[],"class_list":["post-132846","post","type-post","status-publish","format-standard","has-post-thumbnail","hentry","category-yucatan"],"jetpack_publicize_connections":[],"jetpack_featured_media_url":"https:\/\/formalprision.com\/wp-content\/uploads\/2025\/07\/WhatsApp-Image-2025-07-04-at-3.48.11-PM.jpeg","jetpack_sharing_enabled":true,"jetpack_shortlink":"https:\/\/wp.me\/p6id8p-yyG","_links":{"self":[{"href":"https:\/\/formalprision.com\/index.php?rest_route=\/wp\/v2\/posts\/132846","targetHints":{"allow":["GET"]}}],"collection":[{"href":"https:\/\/formalprision.com\/index.php?rest_route=\/wp\/v2\/posts"}],"about":[{"href":"https:\/\/formalprision.com\/index.php?rest_route=\/wp\/v2\/types\/post"}],"author":[{"embeddable":true,"href":"https:\/\/formalprision.com\/index.php?rest_route=\/wp\/v2\/users\/2"}],"replies":[{"embeddable":true,"href":"https:\/\/formalprision.com\/index.php?rest_route=%2Fwp%2Fv2%2Fcomments&post=132846"}],"version-history":[{"count":1,"href":"https:\/\/formalprision.com\/index.php?rest_route=\/wp\/v2\/posts\/132846\/revisions"}],"predecessor-version":[{"id":132847,"href":"https:\/\/formalprision.com\/index.php?rest_route=\/wp\/v2\/posts\/132846\/revisions\/132847"}],"wp:featuredmedia":[{"embeddable":true,"href":"https:\/\/formalprision.com\/index.php?rest_route=\/wp\/v2\/media\/132848"}],"wp:attachment":[{"href":"https:\/\/formalprision.com\/index.php?rest_route=%2Fwp%2Fv2%2Fmedia&parent=132846"}],"wp:term":[{"taxonomy":"category","embeddable":true,"href":"https:\/\/formalprision.com\/index.php?rest_route=%2Fwp%2Fv2%2Fcategories&post=132846"},{"taxonomy":"post_tag","embeddable":true,"href":"https:\/\/formalprision.com\/index.php?rest_route=%2Fwp%2Fv2%2Ftags&post=132846"}],"curies":[{"name":"wp","href":"https:\/\/api.w.org\/{rel}","templated":true}]}}