{"id":132861,"date":"2025-07-05T11:48:18","date_gmt":"2025-07-05T16:48:18","guid":{"rendered":"https:\/\/formalprision.com\/?p=132861"},"modified":"2025-07-07T01:20:07","modified_gmt":"2025-07-07T06:20:07","slug":"hija-del-lider-de-la-luz-del-mundo-recibe-constancia-como-jueza-electa-en-jalisco","status":"publish","type":"post","link":"https:\/\/formalprision.com\/?p=132861","title":{"rendered":"Hija del l\u00edder de la Luz del Mundo recibe constancia como jueza electa en Jalisco"},"content":{"rendered":"\n<p>GUADALAJARA, Jalisco.- Madi\u00e1n Sina\u00ed Menchaca Sierra, hija del actual l\u00edder de la iglesia de La Luz del Mundo, recibi\u00f3 su constancia de mayor\u00eda que la acredita como jueza en Jalisco.<\/p>\n\n\n\n<p>Menchaca Sierra fue electa como jueza de Distrito en materia administrativa para el Tercer Circuito de Jalisco.<\/p>\n\n\n\n<p>Su candidatura fue propuesta por el Comit\u00e9 del Poder Legislativo Federal para el Estado de Jalisco.<\/p>\n\n\n\n<p>La organizaci\u00f3n Defensorxs alert\u00f3 que la candidatura de la hija del l\u00edder de La Luz del Mundo era \u201caltamente riesgosa\u201d.<\/p>\n\n\n\n<p>Denunci\u00f3 que Madi\u00e1n Sina\u00ed fue detenida por lesiones culposas y tiene v\u00ednculos con sentenciados por delitos graves y con corrupci\u00f3n en la iglesia presidida por su padre.<\/p>\n\n\n\n<p>Es licenciada en Derecho y estudiante de la maestr\u00eda en Derecho Fiscal. Si bien cuenta con un diplomado en Juicio Contencioso Administrativo, no cuenta con experiencia laboral dentro del Poder Judicial.<\/p>\n\n\n\n<p>Es hija del obispo Nicol\u00e1s Menchaca, quien qued\u00f3 al frente de La Luz del Mundo tras la ca\u00edda de Naas\u00f3n Joaqu\u00edn por su condena en EE.UU. por abuso sexual.<\/p>\n\n\n\n<p>En mayo de 2024 fue detenida en Tlaquepaque por lesiones culposas derivado del choque que tuvo con una pareja a bordo de una motocicleta, seg\u00fan consta en un informe policial al que tuvo acceso El Pa\u00eds.<\/p>\n\n\n\n<p>Por su parte, el obispo Menchaca fue se\u00f1alado como figura clave en la red de trata y corrupci\u00f3n de la iglesia. Sochil Mart\u00edn, v\u00edctima y sobreviviente, denunci\u00f3 que el obispo le ofreci\u00f3 dinero para no denunciar a Naas\u00f3n Joaqu\u00edn.<\/p>\n\n\n\n<p>Asimismo, la ahora jueza electa tiene v\u00ednculos con Morena. Su hermano Adin Menchaca fue regidor de Tlajomulco por la coalici\u00f3n Morena-PT-PVEM, de 2021 a 2024.<\/p>\n\n\n\n<p>Tambi\u00e9n se desempe\u00f1\u00f3 como asesora parlamentaria del Congreso del Estado de Jalisco para la bancada de Morena durante la LXIII Legislatura.<\/p>\n","protected":false},"excerpt":{"rendered":"<p>GUADALAJARA, Jalisco.- Madi\u00e1n Sina\u00ed Menchaca Sierra, hija del actual l\u00edder de la iglesia de La Luz del Mundo, recibi\u00f3 su constancia de mayor\u00eda que la acredita como jueza en Jalisco.<\/p>\n","protected":false},"author":2,"featured_media":132863,"comment_status":"open","ping_status":"open","sticky":false,"template":"","format":"standard","meta":{"jetpack_post_was_ever_published":false,"_jetpack_newsletter_access":"","_jetpack_dont_email_post_to_subs":false,"_jetpack_newsletter_tier_id":0,"_jetpack_memberships_contains_paywalled_content":false,"_jetpack_memberships_contains_paid_content":false,"footnotes":"","jetpack_publicize_message":"","jetpack_publicize_feature_enabled":true,"jetpack_social_post_already_shared":true,"jetpack_social_options":{"image_generator_settings":{"template":"highway","default_image_id":0,"font":"","enabled":false},"version":2}},"categories":[23,21],"tags":[],"class_list":["post-132861","post","type-post","status-publish","format-standard","has-post-thumbnail","hentry","category-del-mundo","category-nacionales"],"jetpack_publicize_connections":[],"jetpack_featured_media_url":"https:\/\/formalprision.com\/wp-content\/uploads\/2025\/07\/madian.jpg","jetpack_sharing_enabled":true,"jetpack_shortlink":"https:\/\/wp.me\/p6id8p-yyV","_links":{"self":[{"href":"https:\/\/formalprision.com\/index.php?rest_route=\/wp\/v2\/posts\/132861","targetHints":{"allow":["GET"]}}],"collection":[{"href":"https:\/\/formalprision.com\/index.php?rest_route=\/wp\/v2\/posts"}],"about":[{"href":"https:\/\/formalprision.com\/index.php?rest_route=\/wp\/v2\/types\/post"}],"author":[{"embeddable":true,"href":"https:\/\/formalprision.com\/index.php?rest_route=\/wp\/v2\/users\/2"}],"replies":[{"embeddable":true,"href":"https:\/\/formalprision.com\/index.php?rest_route=%2Fwp%2Fv2%2Fcomments&post=132861"}],"version-history":[{"count":1,"href":"https:\/\/formalprision.com\/index.php?rest_route=\/wp\/v2\/posts\/132861\/revisions"}],"predecessor-version":[{"id":132862,"href":"https:\/\/formalprision.com\/index.php?rest_route=\/wp\/v2\/posts\/132861\/revisions\/132862"}],"wp:featuredmedia":[{"embeddable":true,"href":"https:\/\/formalprision.com\/index.php?rest_route=\/wp\/v2\/media\/132863"}],"wp:attachment":[{"href":"https:\/\/formalprision.com\/index.php?rest_route=%2Fwp%2Fv2%2Fmedia&parent=132861"}],"wp:term":[{"taxonomy":"category","embeddable":true,"href":"https:\/\/formalprision.com\/index.php?rest_route=%2Fwp%2Fv2%2Fcategories&post=132861"},{"taxonomy":"post_tag","embeddable":true,"href":"https:\/\/formalprision.com\/index.php?rest_route=%2Fwp%2Fv2%2Ftags&post=132861"}],"curies":[{"name":"wp","href":"https:\/\/api.w.org\/{rel}","templated":true}]}}