{"id":132871,"date":"2025-07-05T16:35:12","date_gmt":"2025-07-05T21:35:12","guid":{"rendered":"https:\/\/formalprision.com\/?p=132871"},"modified":"2025-07-06T10:37:20","modified_gmt":"2025-07-06T15:37:20","slug":"impulsa-cecilia-patron-la-educacion-con-descuentos-y-becas-para-estudiantes","status":"publish","type":"post","link":"https:\/\/formalprision.com\/?p=132871","title":{"rendered":"Impulsa Cecilia Patr\u00f3n la educaci\u00f3n con descuentos y becas para estudiantes"},"content":{"rendered":"\n<p>M\u00c9RIDA, Yucat\u00e1n.- En un esfuerzo por garantizar que la educaci\u00f3n sea accesible para todas y todos, la presidenta municipal Cecilia Patr\u00f3n Laviada inaugur\u00f3 la d\u00e9cimo octava edici\u00f3n de la Feria de Becas de Descuento, en la que 70 escuelas e instituciones educativas de nivel medio y superior ofrecieron 4 mil apoyos educativos para que m\u00e1s j\u00f3venes contin\u00faen con sus estudios y alcancen sus metas.<\/p>\n\n\n\n<p>\u00abLa colaboraci\u00f3n entre el Ayuntamiento de M\u00e9rida y las instituciones educativas privadas es un ejemplo de c\u00f3mo trabajar juntos puede generar oportunidades para los j\u00f3venes y apoyar a las familias meridanas\u00bb, asegur\u00f3 durante el evento que tuvo lugar en la cancha de usos m\u00faltiples de la unidad deportiva \u00abEl Pap\u00e1\u00bb.<\/p>\n\n\n\n<p>Acompa\u00f1ada de Jes\u00fas P\u00e9rez Ballote, director de Bienestar Humano, la alcaldesa mencion\u00f3 que con esta estrategia de colaboraci\u00f3n entre el Ayuntamiento de M\u00e9rida e instituciones educativas privadas se respalda la econom\u00eda de las familias, permiti\u00e9ndoles a sus hijos seguir prepar\u00e1ndose para convertirse en los profesionales que M\u00e9rida necesita.<\/p>\n\n\n\n<p>\u201cPara esta administraci\u00f3n municipal, destinar de manera generosa, solidaria, honrada y transparente el dinero de la ciudadan\u00eda en beneficio de los j\u00f3venes es una prioridad fundamental\u201d, mencion\u00f3.<\/p>\n\n\n\n<p>Record\u00f3 que adem\u00e1s, el Ayuntamiento entreg\u00f3 599 Becas de Excelencia Universitaria; increment\u00f3 en un 20 por ciento el monto de las becas de educaci\u00f3n primaria y secundaria, y otorg\u00f3 6 mil 300 becas para cursos proped\u00e9uticos a estudiantes que aspiraban a ingresar a la preparatoria, con el objetivo de fortalecer la educaci\u00f3n y mejorar la econom\u00eda familiar.<\/p>\n\n\n\n<figure class=\"wp-block-image size-full\"><a href=\"http:\/\/formalprision.com\/wp-content\/uploads\/2025\/07\/WhatsApp-Image-2025-07-05-at-2.51.12-PM.jpeg\"><img loading=\"lazy\" decoding=\"async\" width=\"900\" height=\"600\" src=\"http:\/\/formalprision.com\/wp-content\/uploads\/2025\/07\/WhatsApp-Image-2025-07-05-at-2.51.12-PM.jpeg\" alt=\"\" class=\"wp-image-132873\" srcset=\"https:\/\/formalprision.com\/wp-content\/uploads\/2025\/07\/WhatsApp-Image-2025-07-05-at-2.51.12-PM.jpeg 900w, https:\/\/formalprision.com\/wp-content\/uploads\/2025\/07\/WhatsApp-Image-2025-07-05-at-2.51.12-PM-300x200.jpeg 300w, https:\/\/formalprision.com\/wp-content\/uploads\/2025\/07\/WhatsApp-Image-2025-07-05-at-2.51.12-PM-768x512.jpeg 768w\" sizes=\"auto, (max-width: 900px) 100vw, 900px\" \/><\/a><\/figure>\n\n\n\n<p>\u201cEsto representa la verdadera justicia social, cuando los recursos que todos aportamos con el pago de impuestos regresan como oportunidades para educar y preparar a la juventud, que es nuestro presente y nuestro futuro\u201d.<\/p>\n\n\n\n<p>Jes\u00fas P\u00e9rez Ballote inform\u00f3 que las becas ofrecidas van desde un 20 por ciento hasta un 60 por ciento de descuento en inscripci\u00f3n, pago de colegiaturas o en ambas. Esto permitir\u00e1 a las familias ahorrar dinero e invertir en la educaci\u00f3n de sus hijos.<\/p>\n\n\n\n<p>Para aspirar a las becas, los solicitantes presentaron como requisitos b\u00e1sicos certificado de estudio con promedio m\u00ednimo de 80, credencial de elector del padre o tutor en caso de menores y comprobante de domicilio.<\/p>\n\n\n\n<p>Con esta feria de becas, el Ayuntamiento de M\u00e9rida busca reducir las barreras al acceso educativo y ofrecer una soluci\u00f3n inmediata a quienes quedaron fuera de la educaci\u00f3n p\u00fablica para que contin\u00faen con sus estudios y alcancen sus metas.<\/p>\n\n\n\n<p>En el evento acompa\u00f1aron a la alcaldesa Felipe Ortiz Compa\u00f1, rector de la Universidad Privada de la Pen\u00ednsula (UPP), a quien entreg\u00f3 un reconocimiento por el alto n\u00famero de becas que han proporcionado a lo largo del programa.<\/p>\n\n\n\n<p>Tambi\u00e9n estuvieron Jasell Mois\u00e9s Santamar\u00eda Escamilla, becario y estudiante de la carrera de Criminal\u00edstica en la Universidad Mesoamericana de San Agust\u00edn, y Anisa Carolina Melayes Sol\u00eds, beneficiaria y estudiante de Psicolog\u00eda en la Universidad Modelo.<\/p>\n","protected":false},"excerpt":{"rendered":"<p>M\u00c9RIDA, Yucat\u00e1n.- En un esfuerzo por garantizar que la educaci\u00f3n sea accesible para todas y todos, la presidenta municipal Cecilia Patr\u00f3n Laviada inaugur\u00f3 la d\u00e9cimo octava edici\u00f3n de la Feria<\/p>\n","protected":false},"author":2,"featured_media":132874,"comment_status":"open","ping_status":"open","sticky":false,"template":"","format":"standard","meta":{"jetpack_post_was_ever_published":false,"_jetpack_newsletter_access":"","_jetpack_dont_email_post_to_subs":false,"_jetpack_newsletter_tier_id":0,"_jetpack_memberships_contains_paywalled_content":false,"_jetpack_memberships_contains_paid_content":false,"footnotes":"","jetpack_publicize_message":"","jetpack_publicize_feature_enabled":true,"jetpack_social_post_already_shared":true,"jetpack_social_options":{"image_generator_settings":{"template":"highway","default_image_id":0,"font":"","enabled":false},"version":2}},"categories":[54],"tags":[],"class_list":["post-132871","post","type-post","status-publish","format-standard","has-post-thumbnail","hentry","category-yucatan"],"jetpack_publicize_connections":[],"jetpack_featured_media_url":"https:\/\/formalprision.com\/wp-content\/uploads\/2025\/07\/WhatsApp-Image-2025-07-05-at-2.51.11-PM.jpeg","jetpack_sharing_enabled":true,"jetpack_shortlink":"https:\/\/wp.me\/p6id8p-yz5","_links":{"self":[{"href":"https:\/\/formalprision.com\/index.php?rest_route=\/wp\/v2\/posts\/132871","targetHints":{"allow":["GET"]}}],"collection":[{"href":"https:\/\/formalprision.com\/index.php?rest_route=\/wp\/v2\/posts"}],"about":[{"href":"https:\/\/formalprision.com\/index.php?rest_route=\/wp\/v2\/types\/post"}],"author":[{"embeddable":true,"href":"https:\/\/formalprision.com\/index.php?rest_route=\/wp\/v2\/users\/2"}],"replies":[{"embeddable":true,"href":"https:\/\/formalprision.com\/index.php?rest_route=%2Fwp%2Fv2%2Fcomments&post=132871"}],"version-history":[{"count":2,"href":"https:\/\/formalprision.com\/index.php?rest_route=\/wp\/v2\/posts\/132871\/revisions"}],"predecessor-version":[{"id":132875,"href":"https:\/\/formalprision.com\/index.php?rest_route=\/wp\/v2\/posts\/132871\/revisions\/132875"}],"wp:featuredmedia":[{"embeddable":true,"href":"https:\/\/formalprision.com\/index.php?rest_route=\/wp\/v2\/media\/132874"}],"wp:attachment":[{"href":"https:\/\/formalprision.com\/index.php?rest_route=%2Fwp%2Fv2%2Fmedia&parent=132871"}],"wp:term":[{"taxonomy":"category","embeddable":true,"href":"https:\/\/formalprision.com\/index.php?rest_route=%2Fwp%2Fv2%2Fcategories&post=132871"},{"taxonomy":"post_tag","embeddable":true,"href":"https:\/\/formalprision.com\/index.php?rest_route=%2Fwp%2Fv2%2Ftags&post=132871"}],"curies":[{"name":"wp","href":"https:\/\/api.w.org\/{rel}","templated":true}]}}