{"id":132891,"date":"2025-07-06T17:51:26","date_gmt":"2025-07-06T22:51:26","guid":{"rendered":"https:\/\/formalprision.com\/?p=132891"},"modified":"2025-07-07T01:18:20","modified_gmt":"2025-07-07T06:18:20","slug":"conmemora-cecilia-patron-el-17-aniversario-del-programa-contra-las-adicciones-d-a-r-e","status":"publish","type":"post","link":"https:\/\/formalprision.com\/?p=132891","title":{"rendered":"Conmemora Cecilia Patr\u00f3n el 17 aniversario del programa contra las adicciones D.A.R.E."},"content":{"rendered":"\n<p>M\u00c9RIDA, Yucat\u00e1n.- En una jornada de alegr\u00eda y convivencia familiar con cerca de 3 mil asistentes, se realiz\u00f3 este domingo la D\u00e9cima Jornada Atl\u00e9tica Familiar D.A.R.E., que encabez\u00f3 la presidenta municipal de M\u00e9rida, Cecilia Patr\u00f3n Laviada, para celebrar el 17 aniversario de este programa de educaci\u00f3n preventiva de adicciones de la Polic\u00eda Municipal.<\/p>\n\n\n\n<p>\u201cUna sociedad m\u00e1s segura, haciendo comunidad, es lo que buscamos todos los d\u00edas en el Ayuntamiento de M\u00e9rida, y D.A.R.E. es justo eso, una forma de crear cohesi\u00f3n social entre la ni\u00f1ez y las adolescencias para preservar la paz y la armon\u00eda que tanto amamos los meridanos\u201d, destac\u00f3 la alcaldesa desde el emblem\u00e1tico Paseo de Montejo, antes de dar la salida a las carreras conmemorativas.<\/p>\n\n\n\n<p>Acompa\u00f1ada del comisario Rafael Chairez Cuevas, director de la Polic\u00eda Municipal, reconoci\u00f3 y agradeci\u00f3 a Juan Manuel Ponce Diaz, presidente del patronato D.A.R.E., y a la empresa Bepensa por su apoyo y hacer equipo por el bien de la ni\u00f1ez y las adolescencias de M\u00e9rida.<\/p>\n\n\n\n<p>\u201cCon cercan\u00eda, sensibilidad y el trabajo en equipo entre sociedad civil, empresas y el gobierno municipal cuidamos a nuestras juventudes\u201d, extern\u00f3 la mun\u00edcipe.<\/p>\n\n\n\n<p>Adem\u00e1s reconoci\u00f3 el trabajo de la Polic\u00eda Municipal que atiende el primer cuadro de la ciudad, pero que en esta nueva forma de gobernar se ha acercado a diferentes zonas mediante el programa D.A.R.E., que ya atiende 14 comisar\u00edas, y con los guardaparques en los diferentes puntos cardinales.<\/p>\n\n\n\n<figure class=\"wp-block-image size-full\"><a href=\"http:\/\/formalprision.com\/wp-content\/uploads\/2025\/07\/WhatsApp-Image-2025-07-06-at-3.52.14-PM1.jpeg\"><img loading=\"lazy\" decoding=\"async\" width=\"900\" height=\"599\" src=\"http:\/\/formalprision.com\/wp-content\/uploads\/2025\/07\/WhatsApp-Image-2025-07-06-at-3.52.14-PM1.jpeg\" alt=\"\" class=\"wp-image-132894\" srcset=\"https:\/\/formalprision.com\/wp-content\/uploads\/2025\/07\/WhatsApp-Image-2025-07-06-at-3.52.14-PM1.jpeg 900w, https:\/\/formalprision.com\/wp-content\/uploads\/2025\/07\/WhatsApp-Image-2025-07-06-at-3.52.14-PM1-300x200.jpeg 300w, https:\/\/formalprision.com\/wp-content\/uploads\/2025\/07\/WhatsApp-Image-2025-07-06-at-3.52.14-PM1-768x511.jpeg 768w\" sizes=\"auto, (max-width: 900px) 100vw, 900px\" \/><\/a><\/figure>\n\n\n\n<p>En las competencias participaron m\u00e1s de 790 ni\u00f1os, ni\u00f1as y adolescentes de entre 6 y 15 a\u00f1os en las categor\u00edas Estudiante DARE mixta y libre mixta, en distancias de 100, 200 y 500 metros.<\/p>\n\n\n\n<p>Asimismo, hubo emotiva convivencia durante la Caminata Familiar Recreativa de 1 kil\u00f3metro con la participaci\u00f3n de alrededor de 300 familias.<\/p>\n\n\n\n<p>Destac\u00f3 la presencia de alumnos de escuelas beneficiarias del programa, grupos paramilitarizados, integrantes de asociaciones civiles y p\u00fablico en general en uni\u00f3n mediante el deporte y la prevenci\u00f3n social.<\/p>\n\n\n\n<p>A lo largo del derrotero tambi\u00e9n hubo diversas actividades recreativas realizadas por las direcciones del DIF Municipal, Instituto de la Mujer, Identidad y Cultura, Desarrollo Social y Combate a la Pobreza, la Unidad de Medio Ambiente y Bienestar Animal, Secretaria de Participaci\u00f3n y Atenci\u00f3n Ciudadana y Bienestar Humano.<\/p>\n\n\n\n<p>Al final, Cecilia entreg\u00f3 medallas a los ganadores de las diversas categor\u00edas y hubo una rifa de regalos entre bicicletas, tabletas, balones, bocinas y aud\u00edfonos entre otros art\u00edculos entre los participantes.<\/p>\n\n\n\n<p>Acompa\u00f1aron a la alcaldesa Flora Zapata Mendiolea, coordinadora general de Justicia Social y Desarrollo Humano; Jessica Saade, gerente de Asuntos P\u00fablicos de Bepensa, y la regidora Karla Boehm Calero.<\/p>\n\n\n\n<p>D.A.R.E.<\/p>\n\n\n\n<p>La Polic\u00eda Municipal de M\u00e9rida, desde septiembre del 2008 y hasta la fecha, desarrolla el exitoso programa preventivo D.A.R.E. (Drug Abuse Resistance Education).<\/p>\n\n\n\n<p>El programa est\u00e1 dirigido a la comunidad educativa desde los niveles b\u00e1sico y hasta media superior del municipio de M\u00e9rida y sus comisar\u00edas; cuya finalidad es concientizar sobre la prevenci\u00f3n del consumo de alcohol, tabaco y otras sustancias nocivas, promoviendo entornos seguros en las escuelas y los hogares.<\/p>\n\n\n\n<p>A lo largo de su labor se ha beneficiado a m\u00e1s de 435 mil alumnos de educaci\u00f3n preescolar, primaria, secundaria y preparatoria en colonias y las 47 comisar\u00edas.<\/p>\n","protected":false},"excerpt":{"rendered":"<p>M\u00c9RIDA, Yucat\u00e1n.- En una jornada de alegr\u00eda y convivencia familiar con cerca de 3 mil asistentes, se realiz\u00f3 este domingo la D\u00e9cima Jornada Atl\u00e9tica Familiar D.A.R.E., que encabez\u00f3 la presidenta<\/p>\n","protected":false},"author":2,"featured_media":132893,"comment_status":"open","ping_status":"open","sticky":false,"template":"","format":"standard","meta":{"jetpack_post_was_ever_published":false,"_jetpack_newsletter_access":"","_jetpack_dont_email_post_to_subs":false,"_jetpack_newsletter_tier_id":0,"_jetpack_memberships_contains_paywalled_content":false,"_jetpack_memberships_contains_paid_content":false,"footnotes":"","jetpack_publicize_message":"","jetpack_publicize_feature_enabled":true,"jetpack_social_post_already_shared":true,"jetpack_social_options":{"image_generator_settings":{"template":"highway","default_image_id":0,"font":"","enabled":false},"version":2}},"categories":[54],"tags":[],"class_list":["post-132891","post","type-post","status-publish","format-standard","has-post-thumbnail","hentry","category-yucatan"],"jetpack_publicize_connections":[],"jetpack_featured_media_url":"https:\/\/formalprision.com\/wp-content\/uploads\/2025\/07\/WhatsApp-Image-2025-07-06-at-3.52.15-PM.jpeg","jetpack_sharing_enabled":true,"jetpack_shortlink":"https:\/\/wp.me\/p6id8p-yzp","_links":{"self":[{"href":"https:\/\/formalprision.com\/index.php?rest_route=\/wp\/v2\/posts\/132891","targetHints":{"allow":["GET"]}}],"collection":[{"href":"https:\/\/formalprision.com\/index.php?rest_route=\/wp\/v2\/posts"}],"about":[{"href":"https:\/\/formalprision.com\/index.php?rest_route=\/wp\/v2\/types\/post"}],"author":[{"embeddable":true,"href":"https:\/\/formalprision.com\/index.php?rest_route=\/wp\/v2\/users\/2"}],"replies":[{"embeddable":true,"href":"https:\/\/formalprision.com\/index.php?rest_route=%2Fwp%2Fv2%2Fcomments&post=132891"}],"version-history":[{"count":2,"href":"https:\/\/formalprision.com\/index.php?rest_route=\/wp\/v2\/posts\/132891\/revisions"}],"predecessor-version":[{"id":132895,"href":"https:\/\/formalprision.com\/index.php?rest_route=\/wp\/v2\/posts\/132891\/revisions\/132895"}],"wp:featuredmedia":[{"embeddable":true,"href":"https:\/\/formalprision.com\/index.php?rest_route=\/wp\/v2\/media\/132893"}],"wp:attachment":[{"href":"https:\/\/formalprision.com\/index.php?rest_route=%2Fwp%2Fv2%2Fmedia&parent=132891"}],"wp:term":[{"taxonomy":"category","embeddable":true,"href":"https:\/\/formalprision.com\/index.php?rest_route=%2Fwp%2Fv2%2Fcategories&post=132891"},{"taxonomy":"post_tag","embeddable":true,"href":"https:\/\/formalprision.com\/index.php?rest_route=%2Fwp%2Fv2%2Ftags&post=132891"}],"curies":[{"name":"wp","href":"https:\/\/api.w.org\/{rel}","templated":true}]}}