{"id":132896,"date":"2025-07-06T21:28:56","date_gmt":"2025-07-07T02:28:56","guid":{"rendered":"https:\/\/formalprision.com\/?p=132896"},"modified":"2025-07-07T10:28:05","modified_gmt":"2025-07-07T15:28:05","slug":"exitosa-respuesta-a-todos-somos-utiles-del-ayuntamiento-de-merida-con-mas-de-500-paquetes-escolares-recolectados","status":"publish","type":"post","link":"https:\/\/formalprision.com\/?p=132896","title":{"rendered":"\u201cTodos Somos \u00datiles\u00bb del Ayuntamiento recolecta m\u00e1s de 500 paquetes escolares"},"content":{"rendered":"\n<p>M\u00c9RIDA, Yucat\u00e1n.- Con el compromiso de fortalecer la solidaridad ciudadana y contribuir al bienestar de ni\u00f1as y ni\u00f1os en situaci\u00f3n vulnerable, el Ayuntamiento de M\u00e9rida, a trav\u00e9s de la Secretar\u00eda de Participaci\u00f3n y Atenci\u00f3n Ciudadana y su plataforma M\u00e9rida Nos Une, celebr\u00f3 el \u00e9xito de la campa\u00f1a \u201cTodos Somos \u00datiles\u201d, que en su primera edici\u00f3n logr\u00f3 reunir 520 paquetes escolares, superando ampliamente la meta inicial de 100.<\/p>\n\n\n\n<p>El prop\u00f3sito es motivar a la ciudadan\u00eda, en especial a j\u00f3venes y familias, a donar y\/o reciclar \u00fatiles escolares en buen estado para darles una segunda vida y canalizarlos a organizaciones sociales que apoyan a la ni\u00f1ez en contextos de vulnerabilidad.<\/p>\n\n\n\n<p>Este programa responde al llamado de esta administraci\u00f3n de construir una ciudad m\u00e1s equitativa e incluyente. En ese sentido, la alcaldesa Cecilia Patr\u00f3n Laviada ha impulsado pol\u00edticas p\u00fablicas que promueven la participaci\u00f3n ciudadana y el trabajo en equipo como motor de cambio social.<\/p>\n\n\n\n<p>Inici\u00f3 en mayo y concluy\u00f3 el 30 de junio con gran respuesta por parte de la comunidad, quienes hicieron llegar sus donativos al centro de acopio ubicado en la Secretar\u00eda de Participaci\u00f3n y Atenci\u00f3n Ciudadana, en la colonia Jes\u00fas Carranza.<\/p>\n\n\n\n<p>Los paquetes incluyen art\u00edculos b\u00e1sicos como mochilas, libretas, l\u00e1pices, colores, reglas, estuches, pegamento y libros para colorear o leer, entre otros.<\/p>\n\n\n\n<p>Varias organizaciones se sumaron a la campa\u00f1a contribuyendo a sumar esfuerzos, como la C\u00e1mara Mexicana de la Industria de la Construcci\u00f3n (CMIC), Asociaci\u00f3n Mexicana de Mujeres Empresarias (AMEXME), las diferentes direcciones del Ayuntamiento de M\u00e9rida, las facultades de Qu\u00edmica, Psicolog\u00eda de la UADY, entre otros. En total se registraron m\u00e1s de 150 personas donantes.<br>Comienza la entrega a ni\u00f1as y ni\u00f1os.<\/p>\n\n\n\n<figure class=\"wp-block-image size-full\"><a href=\"http:\/\/formalprision.com\/wp-content\/uploads\/2025\/07\/WhatsApp-Image-2025-07-06-at-4.19.28-PM1.jpeg\"><img loading=\"lazy\" decoding=\"async\" width=\"900\" height=\"599\" src=\"http:\/\/formalprision.com\/wp-content\/uploads\/2025\/07\/WhatsApp-Image-2025-07-06-at-4.19.28-PM1.jpeg\" alt=\"\" class=\"wp-image-132898\" srcset=\"https:\/\/formalprision.com\/wp-content\/uploads\/2025\/07\/WhatsApp-Image-2025-07-06-at-4.19.28-PM1.jpeg 900w, https:\/\/formalprision.com\/wp-content\/uploads\/2025\/07\/WhatsApp-Image-2025-07-06-at-4.19.28-PM1-300x200.jpeg 300w, https:\/\/formalprision.com\/wp-content\/uploads\/2025\/07\/WhatsApp-Image-2025-07-06-at-4.19.28-PM1-768x511.jpeg 768w\" sizes=\"auto, (max-width: 900px) 100vw, 900px\" \/><\/a><\/figure>\n\n\n\n<p>Como parte de la segunda etapa del programa, el titular de la Secretar\u00eda de Participaci\u00f3n y Atenci\u00f3n Ciudadana, Carlos Carrillo Paredes, entreg\u00f3 los primeros paquetes escolares en los comedores comunitarios Pancitas Llenas, El Regalo de Dios y Zarig\u00fceyas, beneficiando a m\u00e1s de 100 ni\u00f1as y ni\u00f1os de diferentes edades para que puedan tener un mejor inicio del ciclo escolar. Durante todo julio se estar\u00e1n canalizando los paquetes en m\u00e1s de 20 asociaciones y\/o comedores.<br>Agradeci\u00f3 la participaci\u00f3n activa de las y los meridanos y destac\u00f3 la posibilidad de seguir recibiendo donativos.<\/p>\n\n\n\n<p>\u201cAunque la campa\u00f1a ya concluy\u00f3, a\u00fan hay personas que nos contactan, por lo que seguiremos recogiendo donativos\u201d, expres\u00f3.<\/p>\n\n\n\n<p>Asimismo record\u00f3 que el centro de acopio sigue activo y disponible para recibir \u00fatiles escolares nuevos o en buen estado, de lunes a viernes de 9:00 a.m. a 3:00 p.m., en la calle 23 No. 500 entre 38 y 40, Colonia Jes\u00fas Carranza.<\/p>\n\n\n\n<p>Tambi\u00e9n puso a disposici\u00f3n el n\u00famero telef\u00f3nico 9999 68 72 91 y las redes sociales oficiales bajo el hashtag #YoParticipoXMerida para m\u00e1s informaci\u00f3n.<\/p>\n","protected":false},"excerpt":{"rendered":"<p>M\u00c9RIDA, Yucat\u00e1n.- Con el compromiso de fortalecer la solidaridad ciudadana y contribuir al bienestar de ni\u00f1as y ni\u00f1os en situaci\u00f3n vulnerable, el Ayuntamiento de M\u00e9rida, a trav\u00e9s de la Secretar\u00eda<\/p>\n","protected":false},"author":2,"featured_media":132899,"comment_status":"open","ping_status":"open","sticky":false,"template":"","format":"standard","meta":{"jetpack_post_was_ever_published":false,"_jetpack_newsletter_access":"","_jetpack_dont_email_post_to_subs":false,"_jetpack_newsletter_tier_id":0,"_jetpack_memberships_contains_paywalled_content":false,"_jetpack_memberships_contains_paid_content":false,"footnotes":"","jetpack_publicize_message":"","jetpack_publicize_feature_enabled":true,"jetpack_social_post_already_shared":true,"jetpack_social_options":{"image_generator_settings":{"template":"highway","default_image_id":0,"font":"","enabled":false},"version":2}},"categories":[54],"tags":[],"class_list":["post-132896","post","type-post","status-publish","format-standard","has-post-thumbnail","hentry","category-yucatan"],"jetpack_publicize_connections":[],"jetpack_featured_media_url":"https:\/\/formalprision.com\/wp-content\/uploads\/2025\/07\/WhatsApp-Image-2025-07-06-at-4.19.28-PM.jpeg","jetpack_sharing_enabled":true,"jetpack_shortlink":"https:\/\/wp.me\/p6id8p-yzu","_links":{"self":[{"href":"https:\/\/formalprision.com\/index.php?rest_route=\/wp\/v2\/posts\/132896","targetHints":{"allow":["GET"]}}],"collection":[{"href":"https:\/\/formalprision.com\/index.php?rest_route=\/wp\/v2\/posts"}],"about":[{"href":"https:\/\/formalprision.com\/index.php?rest_route=\/wp\/v2\/types\/post"}],"author":[{"embeddable":true,"href":"https:\/\/formalprision.com\/index.php?rest_route=\/wp\/v2\/users\/2"}],"replies":[{"embeddable":true,"href":"https:\/\/formalprision.com\/index.php?rest_route=%2Fwp%2Fv2%2Fcomments&post=132896"}],"version-history":[{"count":4,"href":"https:\/\/formalprision.com\/index.php?rest_route=\/wp\/v2\/posts\/132896\/revisions"}],"predecessor-version":[{"id":132905,"href":"https:\/\/formalprision.com\/index.php?rest_route=\/wp\/v2\/posts\/132896\/revisions\/132905"}],"wp:featuredmedia":[{"embeddable":true,"href":"https:\/\/formalprision.com\/index.php?rest_route=\/wp\/v2\/media\/132899"}],"wp:attachment":[{"href":"https:\/\/formalprision.com\/index.php?rest_route=%2Fwp%2Fv2%2Fmedia&parent=132896"}],"wp:term":[{"taxonomy":"category","embeddable":true,"href":"https:\/\/formalprision.com\/index.php?rest_route=%2Fwp%2Fv2%2Fcategories&post=132896"},{"taxonomy":"post_tag","embeddable":true,"href":"https:\/\/formalprision.com\/index.php?rest_route=%2Fwp%2Fv2%2Ftags&post=132896"}],"curies":[{"name":"wp","href":"https:\/\/api.w.org\/{rel}","templated":true}]}}