{"id":132924,"date":"2025-07-07T23:08:00","date_gmt":"2025-07-08T04:08:00","guid":{"rendered":"https:\/\/formalprision.com\/?p=132924"},"modified":"2025-07-08T12:28:41","modified_gmt":"2025-07-08T17:28:41","slug":"julio-cesar-chavez-jr-no-llega-a-su-audiencia-en-los-angeles-y-su-abogado-desconoce-su-paradero","status":"publish","type":"post","link":"https:\/\/formalprision.com\/?p=132924","title":{"rendered":"Julio C\u00e9sar Ch\u00e1vez Jr. no llega a su audiencia en Los \u00c1ngeles"},"content":{"rendered":"\n<p>El boxeador mexicano Julio C\u00e9sar Ch\u00e1vez Jr. no acudi\u00f3 hoy lunes 7 de julio a una audiencia programada en Los \u00c1ngeles, donde buscar\u00eda su liberaci\u00f3n anticipada. Su abogado declar\u00f3 ante la corte que no sabe d\u00f3nde se encuentra su cliente.<\/p>\n\n\n\n<p>Seg\u00fan los medios de comunicaci\u00f3n, la \u00faltima vez que se le ubic\u00f3 fue en Hidalgo, Texas, bajo custodia de autoridades migratorias de Estados Unidos, pero desde entonces no han tenido noticias de \u00e9l.<\/p>\n\n\n\n<p>El caso se relaciona con un proceso migratorio y con un antiguo arresto por posesi\u00f3n de armas. La jueza reprogram\u00f3 la audiencia para el 21 de agosto.<\/p>\n\n\n\n<p>Cabe mencionar que en M\u00e9xico tambi\u00e9n enfrenta investigaciones abiertas, aunque su defensa ha interpuesto amparos para evitar su detenci\u00f3n.<\/p>\n","protected":false},"excerpt":{"rendered":"<p>El boxeador mexicano Julio C\u00e9sar Ch\u00e1vez Jr. no acudi\u00f3 hoy lunes 7 de julio a una audiencia programada en Los \u00c1ngeles, donde buscar\u00eda su liberaci\u00f3n anticipada. Su abogado declar\u00f3 ante<\/p>\n","protected":false},"author":2,"featured_media":132926,"comment_status":"open","ping_status":"open","sticky":false,"template":"","format":"standard","meta":{"jetpack_post_was_ever_published":false,"_jetpack_newsletter_access":"","_jetpack_dont_email_post_to_subs":false,"_jetpack_newsletter_tier_id":0,"_jetpack_memberships_contains_paywalled_content":false,"_jetpack_memberships_contains_paid_content":false,"footnotes":"","jetpack_publicize_message":"","jetpack_publicize_feature_enabled":true,"jetpack_social_post_already_shared":true,"jetpack_social_options":{"image_generator_settings":{"template":"highway","default_image_id":0,"font":"","enabled":false},"version":2}},"categories":[23],"tags":[],"class_list":["post-132924","post","type-post","status-publish","format-standard","has-post-thumbnail","hentry","category-del-mundo"],"jetpack_publicize_connections":[],"jetpack_featured_media_url":"https:\/\/formalprision.com\/wp-content\/uploads\/2025\/07\/chavez1-1.jpg","jetpack_sharing_enabled":true,"jetpack_shortlink":"https:\/\/wp.me\/p6id8p-yzW","_links":{"self":[{"href":"https:\/\/formalprision.com\/index.php?rest_route=\/wp\/v2\/posts\/132924","targetHints":{"allow":["GET"]}}],"collection":[{"href":"https:\/\/formalprision.com\/index.php?rest_route=\/wp\/v2\/posts"}],"about":[{"href":"https:\/\/formalprision.com\/index.php?rest_route=\/wp\/v2\/types\/post"}],"author":[{"embeddable":true,"href":"https:\/\/formalprision.com\/index.php?rest_route=\/wp\/v2\/users\/2"}],"replies":[{"embeddable":true,"href":"https:\/\/formalprision.com\/index.php?rest_route=%2Fwp%2Fv2%2Fcomments&post=132924"}],"version-history":[{"count":2,"href":"https:\/\/formalprision.com\/index.php?rest_route=\/wp\/v2\/posts\/132924\/revisions"}],"predecessor-version":[{"id":132938,"href":"https:\/\/formalprision.com\/index.php?rest_route=\/wp\/v2\/posts\/132924\/revisions\/132938"}],"wp:featuredmedia":[{"embeddable":true,"href":"https:\/\/formalprision.com\/index.php?rest_route=\/wp\/v2\/media\/132926"}],"wp:attachment":[{"href":"https:\/\/formalprision.com\/index.php?rest_route=%2Fwp%2Fv2%2Fmedia&parent=132924"}],"wp:term":[{"taxonomy":"category","embeddable":true,"href":"https:\/\/formalprision.com\/index.php?rest_route=%2Fwp%2Fv2%2Fcategories&post=132924"},{"taxonomy":"post_tag","embeddable":true,"href":"https:\/\/formalprision.com\/index.php?rest_route=%2Fwp%2Fv2%2Ftags&post=132924"}],"curies":[{"name":"wp","href":"https:\/\/api.w.org\/{rel}","templated":true}]}}