{"id":133658,"date":"2025-08-02T11:33:11","date_gmt":"2025-08-02T16:33:11","guid":{"rendered":"https:\/\/formalprision.com\/?p=133658"},"modified":"2025-08-05T14:07:20","modified_gmt":"2025-08-05T19:07:20","slug":"texas-aprueba-una-ley-que-restringe-el-uso-de-celulares-en-las-escuelas-publicas","status":"publish","type":"post","link":"https:\/\/formalprision.com\/?p=133658","title":{"rendered":"Texas aprueba una ley que restringe el uso de celulares en las escuelas p\u00fablicas"},"content":{"rendered":"\n<p>Texas aprob\u00f3 una nueva ley que restringe el uso de celulares y dispositivos electr\u00f3nicos personales en las escuelas p\u00fablicas y de financiaci\u00f3n mixta.<\/p>\n\n\n\n<p>El gobernador, el republicano Greg Abbott, le dio hoy la aprobaci\u00f3n final a la norma, que proh\u00edbe a los estudiantes hacer uso de \u201cdispositivos de comunicaci\u00f3n inal\u00e1mbricos\u201d durante el horario lectivo.<\/p>\n\n\n\n<p>Las restricciones entrar\u00e1n en vigor el pr\u00f3ximo curso y la Agencia de Educaci\u00f3n de Texas (TDA) ya public\u00f3 sus directrices para que los distritos escolares puedan implementarlas.<\/p>\n\n\n\n<p>En concreto, se instruye a cada escuela a decidir si desea prohibir por completo que los estudiantes lleven sus dispositivos a los colegios o si, por el contrario, acuerdan un m\u00e9todo para \u201cguardarlos de manera segura\u201d durante la jornada escolar.<\/p>\n\n\n\n<p>La agencia tambi\u00e9n pide a las instituciones imponer medidas disciplinarias para los alumnos que violen la prohibici\u00f3n, incluyendo confiscar los dispositivos.<\/p>\n\n\n\n<p>Texas no es el primer estado de EE.UU. en imponer restricciones de este tipo en sus instituciones educativas: al menos 25 estados, incluyendo Florida, Nueva York, Dakota del Norte y Utah, han aprobado medidas similares.<\/p>\n","protected":false},"excerpt":{"rendered":"<p>Texas aprob\u00f3 una nueva ley que restringe el uso de celulares y dispositivos electr\u00f3nicos personales en las escuelas p\u00fablicas y de financiaci\u00f3n mixta. El gobernador, el republicano Greg Abbott, le<\/p>\n","protected":false},"author":2,"featured_media":133660,"comment_status":"open","ping_status":"open","sticky":false,"template":"","format":"standard","meta":{"jetpack_post_was_ever_published":false,"_jetpack_newsletter_access":"","_jetpack_dont_email_post_to_subs":false,"_jetpack_newsletter_tier_id":0,"_jetpack_memberships_contains_paywalled_content":false,"_jetpack_memberships_contains_paid_content":false,"footnotes":"","jetpack_publicize_message":"","jetpack_publicize_feature_enabled":true,"jetpack_social_post_already_shared":true,"jetpack_social_options":{"image_generator_settings":{"template":"highway","default_image_id":0,"font":"","enabled":false},"version":2}},"categories":[23,1],"tags":[],"class_list":["post-133658","post","type-post","status-publish","format-standard","has-post-thumbnail","hentry","category-del-mundo","category-sin-categoria"],"jetpack_publicize_connections":[],"jetpack_featured_media_url":"https:\/\/formalprision.com\/wp-content\/uploads\/2025\/08\/celular.jpg","jetpack_sharing_enabled":true,"jetpack_shortlink":"https:\/\/wp.me\/p6id8p-yLM","_links":{"self":[{"href":"https:\/\/formalprision.com\/index.php?rest_route=\/wp\/v2\/posts\/133658","targetHints":{"allow":["GET"]}}],"collection":[{"href":"https:\/\/formalprision.com\/index.php?rest_route=\/wp\/v2\/posts"}],"about":[{"href":"https:\/\/formalprision.com\/index.php?rest_route=\/wp\/v2\/types\/post"}],"author":[{"embeddable":true,"href":"https:\/\/formalprision.com\/index.php?rest_route=\/wp\/v2\/users\/2"}],"replies":[{"embeddable":true,"href":"https:\/\/formalprision.com\/index.php?rest_route=%2Fwp%2Fv2%2Fcomments&post=133658"}],"version-history":[{"count":1,"href":"https:\/\/formalprision.com\/index.php?rest_route=\/wp\/v2\/posts\/133658\/revisions"}],"predecessor-version":[{"id":133659,"href":"https:\/\/formalprision.com\/index.php?rest_route=\/wp\/v2\/posts\/133658\/revisions\/133659"}],"wp:featuredmedia":[{"embeddable":true,"href":"https:\/\/formalprision.com\/index.php?rest_route=\/wp\/v2\/media\/133660"}],"wp:attachment":[{"href":"https:\/\/formalprision.com\/index.php?rest_route=%2Fwp%2Fv2%2Fmedia&parent=133658"}],"wp:term":[{"taxonomy":"category","embeddable":true,"href":"https:\/\/formalprision.com\/index.php?rest_route=%2Fwp%2Fv2%2Fcategories&post=133658"},{"taxonomy":"post_tag","embeddable":true,"href":"https:\/\/formalprision.com\/index.php?rest_route=%2Fwp%2Fv2%2Ftags&post=133658"}],"curies":[{"name":"wp","href":"https:\/\/api.w.org\/{rel}","templated":true}]}}