{"id":133664,"date":"2025-08-02T21:11:35","date_gmt":"2025-08-03T02:11:35","guid":{"rendered":"https:\/\/formalprision.com\/?p=133664"},"modified":"2025-08-04T06:32:03","modified_gmt":"2025-08-04T11:32:03","slug":"destaca-cecilia-patron-la-derrama-economica-para-participantes-de-la-feria-tunich","status":"publish","type":"post","link":"https:\/\/formalprision.com\/?p=133664","title":{"rendered":"Destaca Cecilia Patr\u00f3n la derrama econ\u00f3mica para participantes de la Feria Tunich"},"content":{"rendered":"\n<p>M\u00c9RIDA, Yucat\u00e1n.- En recorrido sabatino, la presidenta municipal de M\u00e9rida, Cecilia Patr\u00f3n Laviada, visit\u00f3 a expositores de la Feria Tunich 2025. \u201cHecho a mano\u201d, en la comisar\u00eda de Dzity\u00e1, donde constat\u00f3 la afluencia de visitantes locales y extranjeros, y el gran impulso que esta gran fiesta artesanal significa para la derrama econ\u00f3mica local y promoci\u00f3n de productos hechos a mano.<\/p>\n\n\n\n<p>\u201cEn esta edici\u00f3n, contamos con la participaci\u00f3n de m\u00e1s de 160 expositoras y expositores que a trav\u00e9s de sus creaciones nos comparten una parte de su historia y la de sus comunidades. Invitamos a todas y todos a acercarse y convivir en familia en Dzity\u00e1, el fin de semana y hasta el lunes 3 de agosto\u201d, comparti\u00f3 la alcaldesa<\/p>\n\n\n\n<p>En este sentido insisti\u00f3 en la importancia de visitar la feria para conocer, disfrutar y sobre todo consumir local, ya que es sin\u00f3nimo de justicia al trabajo bien hecho, mejorar la econom\u00eda y fortalecer las tradiciones comunitarias, \u201cesas que se hacen con las manos y con el coraz\u00f3n, y que significan m\u00e1s ingresos para nuestras artesanas y artesanos\u201d.<\/p>\n\n\n\n<p>La mun\u00edcipe salud\u00f3 a los expositores de los municipios de Xocchel, Tinum, Acanceh, Tecoh y Opich\u00e9n, al igual que a los participantes de estados invitados de Puebla, Veracruz y Guanajuato, que enriquecen esta feria con su identidad, su cultura y su calidez y que forman parte de miles de a\u00f1os de historia, cultura y tradici\u00f3n a lo largo del pa\u00eds.<\/p>\n\n\n\n<figure class=\"wp-block-image size-full\"><a href=\"http:\/\/formalprision.com\/wp-content\/uploads\/2025\/08\/WhatsApp-Image-2025-08-02-at-4.40.08-PM1.jpeg\"><img loading=\"lazy\" decoding=\"async\" width=\"900\" height=\"599\" src=\"http:\/\/formalprision.com\/wp-content\/uploads\/2025\/08\/WhatsApp-Image-2025-08-02-at-4.40.08-PM1.jpeg\" alt=\"\" class=\"wp-image-133666\" srcset=\"https:\/\/formalprision.com\/wp-content\/uploads\/2025\/08\/WhatsApp-Image-2025-08-02-at-4.40.08-PM1.jpeg 900w, https:\/\/formalprision.com\/wp-content\/uploads\/2025\/08\/WhatsApp-Image-2025-08-02-at-4.40.08-PM1-300x200.jpeg 300w, https:\/\/formalprision.com\/wp-content\/uploads\/2025\/08\/WhatsApp-Image-2025-08-02-at-4.40.08-PM1-768x511.jpeg 768w\" sizes=\"auto, (max-width: 900px) 100vw, 900px\" \/><\/a><\/figure>\n\n\n\n<p>\u201cA\u00fan hay oportunidad para visitarla con la familia o los amigos, y disfrutar de un sinf\u00edn de actividades culturales como m\u00fasica en vivo, danza, teatro, espect\u00e1culos de artistas locales, y la exhibici\u00f3n de las primeras maquinarias que llegaron a la comisar\u00eda para tallado de piedra y madera\u201d, resalt\u00f3 Cecilia Patr\u00f3n.<\/p>\n\n\n\n<p>En compa\u00f1\u00eda de algunos artesanos y familias visitantes la mun\u00edcipe plant\u00f3 un \u00e1rbol de zapote representativo de la comunidad en el marco de la Feria Tunich 2025, s\u00edmbolo de la riqueza natural, un \u00e1rbol sagrado para los mayas con profundo significado cultural, gastron\u00f3mico y de tradici\u00f3n.<\/p>\n\n\n\n<p>La madera del zapote es apreciada por su dureza y resistencia, siendo utilizada en la construcci\u00f3n de casas, embarcaderos, muebles, entre otros y con importancia ecol\u00f3gica, pues contribuye a la conservaci\u00f3n del suelo, la protecci\u00f3n de mantos fre\u00e1ticos y la atracci\u00f3n de fauna nativa.<\/p>\n\n\n\n<p>La Feria Tunich \u201cHecho a mano\u201d cumple 24 a\u00f1os de impulso, promoci\u00f3n y de identidad cultural, destacando como la feria artesanal m\u00e1s importante del Sureste desde la comisar\u00eda de Dzity\u00e1, y en esta edici\u00f3n se participan 100 artesanos de M\u00e9rida dedicados a los textiles, bisuter\u00eda, bordados, fibras vegetales, joyer\u00eda en filigrana, producci\u00f3n de miel, conservas, herbolaria tradicional, as\u00ed como de 24 artesanos de tallado de madera y piedra de la comisar\u00eda anfitriona.<\/p>\n\n\n\n<p>Tambi\u00e9n se encuentran alimentos elaborados por vecinos de la comunidad y espacios de recreaci\u00f3n.<\/p>\n\n\n\n<p>Cabe destacar que desde el Ayuntamiento de M\u00e9rida se ha implementado adem\u00e1s una estrategia de promoci\u00f3n de turismo comunitario audiovisual y fotogr\u00e1fico para las comisar\u00edas de Xcuny\u00e1, San Antonio Tzacal\u00e1, Dzity\u00e1, Molas y Tamanch\u00e9.<\/p>\n\n\n\n<p>Adem\u00e1s de la implementaci\u00f3n del programa \u201cM\u00e9rida Comunitaria\u201d que brinda acompa\u00f1amiento anual con capacitaciones t\u00e9cnicas, talleres motivacionales, estrategias de vinculaci\u00f3n y apoyos en especie, para fortalecer y profesionalizar proyectos tur\u00edsticos locales de las comisar\u00edas y subcomisar\u00edas.<\/p>\n\n\n\n<p>En este recorrido estuvieron tambi\u00e9n presentes Sayda Rodr\u00edguez G\u00f3mez, diputada local; Secundino Chi, representante de los artesanos; Suemy Pech, comisar\u00eda de Dzity\u00e1; Mauricio D\u00edaz Montalvo y Arturo Le\u00f3n Itz\u00e1, directores de Prosperidad y Bienestar Econ\u00f3mico, y de Desarrollo Social y Combate a la Pobreza.<\/p>\n\n\n\n<p>M\u00e1s informaci\u00f3n sobre la cartelera y transporte gratuito a la Feria Tunich en merida.gob.mx\/tunich<\/p>\n","protected":false},"excerpt":{"rendered":"<p>M\u00c9RIDA, Yucat\u00e1n.- En recorrido sabatino, la presidenta municipal de M\u00e9rida, Cecilia Patr\u00f3n Laviada, visit\u00f3 a expositores de la Feria Tunich 2025. \u201cHecho a mano\u201d, en la comisar\u00eda de Dzity\u00e1, donde<\/p>\n","protected":false},"author":2,"featured_media":133667,"comment_status":"open","ping_status":"open","sticky":false,"template":"","format":"standard","meta":{"jetpack_post_was_ever_published":false,"_jetpack_newsletter_access":"","_jetpack_dont_email_post_to_subs":false,"_jetpack_newsletter_tier_id":0,"_jetpack_memberships_contains_paywalled_content":false,"_jetpack_memberships_contains_paid_content":false,"footnotes":"","jetpack_publicize_message":"","jetpack_publicize_feature_enabled":true,"jetpack_social_post_already_shared":true,"jetpack_social_options":{"image_generator_settings":{"template":"highway","default_image_id":0,"font":"","enabled":false},"version":2}},"categories":[14],"tags":[],"class_list":["post-133664","post","type-post","status-publish","format-standard","has-post-thumbnail","hentry","category-merida"],"jetpack_publicize_connections":[],"jetpack_featured_media_url":"https:\/\/formalprision.com\/wp-content\/uploads\/2025\/08\/WhatsApp-Image-2025-08-02-at-4.40.08-PM.jpeg","jetpack_sharing_enabled":true,"jetpack_shortlink":"https:\/\/wp.me\/p6id8p-yLS","_links":{"self":[{"href":"https:\/\/formalprision.com\/index.php?rest_route=\/wp\/v2\/posts\/133664","targetHints":{"allow":["GET"]}}],"collection":[{"href":"https:\/\/formalprision.com\/index.php?rest_route=\/wp\/v2\/posts"}],"about":[{"href":"https:\/\/formalprision.com\/index.php?rest_route=\/wp\/v2\/types\/post"}],"author":[{"embeddable":true,"href":"https:\/\/formalprision.com\/index.php?rest_route=\/wp\/v2\/users\/2"}],"replies":[{"embeddable":true,"href":"https:\/\/formalprision.com\/index.php?rest_route=%2Fwp%2Fv2%2Fcomments&post=133664"}],"version-history":[{"count":2,"href":"https:\/\/formalprision.com\/index.php?rest_route=\/wp\/v2\/posts\/133664\/revisions"}],"predecessor-version":[{"id":133668,"href":"https:\/\/formalprision.com\/index.php?rest_route=\/wp\/v2\/posts\/133664\/revisions\/133668"}],"wp:featuredmedia":[{"embeddable":true,"href":"https:\/\/formalprision.com\/index.php?rest_route=\/wp\/v2\/media\/133667"}],"wp:attachment":[{"href":"https:\/\/formalprision.com\/index.php?rest_route=%2Fwp%2Fv2%2Fmedia&parent=133664"}],"wp:term":[{"taxonomy":"category","embeddable":true,"href":"https:\/\/formalprision.com\/index.php?rest_route=%2Fwp%2Fv2%2Fcategories&post=133664"},{"taxonomy":"post_tag","embeddable":true,"href":"https:\/\/formalprision.com\/index.php?rest_route=%2Fwp%2Fv2%2Ftags&post=133664"}],"curies":[{"name":"wp","href":"https:\/\/api.w.org\/{rel}","templated":true}]}}