{"id":133678,"date":"2025-08-03T00:06:26","date_gmt":"2025-08-03T05:06:26","guid":{"rendered":"https:\/\/formalprision.com\/?p=133678"},"modified":"2025-08-03T00:06:26","modified_gmt":"2025-08-03T05:06:26","slug":"diaz-mena-constata-avances-en-escuelas-del-sur-de-merida","status":"publish","type":"post","link":"https:\/\/formalprision.com\/?p=133678","title":{"rendered":"D\u00edaz Mena constata avances en escuelas del sur de M\u00e9rida\u00a0"},"content":{"rendered":"\n<p>M\u00e9rida, Yucat\u00e1n, a 2 de agosto de 2025.-El gobernador Joaqu\u00edn D\u00edaz Mena supervis\u00f3 obras en dos planteles educativos de San Antonio Xluch, que beneficiar\u00e1n a m\u00e1s de 700 ni\u00f1as y ni\u00f1os con espacios renovados y condiciones m\u00e1s dignas para el aprendizaje._<br>&nbsp;<br>En la primaria L\u00e1zaro C\u00e1rdenas del R\u00edo, D\u00edaz Mena supervis\u00f3 la construcci\u00f3n de un aula de usos m\u00faltiples y un \u00e1rea independiente para la Unidad de Servicio de Apoyo a la Educaci\u00f3n Regular (Usaer), proyecto que beneficiar\u00e1 a 392 estudiantes, con una inversi\u00f3n de 1.7 millones de pesos.<br>&nbsp;<br>Mientras tanto, en la escuela primaria Agust\u00edn de Iturbide, en San Antonio Xluch III, constat\u00f3 los avances de la construcci\u00f3n de un aula did\u00e1ctica que, con una inversi\u00f3n cercana a un mill\u00f3n de pesos, beneficiar\u00e1 a m\u00e1s de 330 estudiantes. Adem\u00e1s, anunci\u00f3 que se instalar\u00e1n aires acondicionados en el \u00e1rea m\u00e9dica del plantel, se gestionar\u00e1 una nueva auxiliar de limpieza y se considerar\u00e1 la construcci\u00f3n de desayunadores en el pr\u00f3ximo ejercicio fiscal.<br>&nbsp;<br>\u201cSeguiremos invirtiendo en escuelas como las de esta colonia, porque tan digna tiene que ser una escuela del norte de M\u00e9rida como una de San Antonio Xluch, San Felipe, Tekant\u00f3 o Chikindzonot. La educaci\u00f3n debe ser igual para todas y todos\u201d, enfatiz\u00f3.<br>&nbsp;<\/p>\n","protected":false},"excerpt":{"rendered":"<p>M\u00e9rida, Yucat\u00e1n, a 2 de agosto de 2025.-El gobernador Joaqu\u00edn D\u00edaz Mena supervis\u00f3 obras en dos planteles educativos de San Antonio Xluch, que beneficiar\u00e1n a m\u00e1s de 700 ni\u00f1as y<\/p>\n","protected":false},"author":1,"featured_media":133679,"comment_status":"open","ping_status":"open","sticky":false,"template":"","format":"standard","meta":{"jetpack_post_was_ever_published":false,"_jetpack_newsletter_access":"","_jetpack_dont_email_post_to_subs":false,"_jetpack_newsletter_tier_id":0,"_jetpack_memberships_contains_paywalled_content":false,"_jetpack_memberships_contains_paid_content":false,"footnotes":"","jetpack_publicize_message":"","jetpack_publicize_feature_enabled":true,"jetpack_social_post_already_shared":true,"jetpack_social_options":{"image_generator_settings":{"template":"highway","default_image_id":0,"font":"","enabled":false},"version":2}},"categories":[14],"tags":[],"class_list":["post-133678","post","type-post","status-publish","format-standard","has-post-thumbnail","hentry","category-merida"],"jetpack_publicize_connections":[],"jetpack_featured_media_url":"https:\/\/formalprision.com\/wp-content\/uploads\/2025\/08\/IMG-20250802-WA0041.jpg","jetpack_sharing_enabled":true,"jetpack_shortlink":"https:\/\/wp.me\/p6id8p-yM6","_links":{"self":[{"href":"https:\/\/formalprision.com\/index.php?rest_route=\/wp\/v2\/posts\/133678","targetHints":{"allow":["GET"]}}],"collection":[{"href":"https:\/\/formalprision.com\/index.php?rest_route=\/wp\/v2\/posts"}],"about":[{"href":"https:\/\/formalprision.com\/index.php?rest_route=\/wp\/v2\/types\/post"}],"author":[{"embeddable":true,"href":"https:\/\/formalprision.com\/index.php?rest_route=\/wp\/v2\/users\/1"}],"replies":[{"embeddable":true,"href":"https:\/\/formalprision.com\/index.php?rest_route=%2Fwp%2Fv2%2Fcomments&post=133678"}],"version-history":[{"count":1,"href":"https:\/\/formalprision.com\/index.php?rest_route=\/wp\/v2\/posts\/133678\/revisions"}],"predecessor-version":[{"id":133680,"href":"https:\/\/formalprision.com\/index.php?rest_route=\/wp\/v2\/posts\/133678\/revisions\/133680"}],"wp:featuredmedia":[{"embeddable":true,"href":"https:\/\/formalprision.com\/index.php?rest_route=\/wp\/v2\/media\/133679"}],"wp:attachment":[{"href":"https:\/\/formalprision.com\/index.php?rest_route=%2Fwp%2Fv2%2Fmedia&parent=133678"}],"wp:term":[{"taxonomy":"category","embeddable":true,"href":"https:\/\/formalprision.com\/index.php?rest_route=%2Fwp%2Fv2%2Fcategories&post=133678"},{"taxonomy":"post_tag","embeddable":true,"href":"https:\/\/formalprision.com\/index.php?rest_route=%2Fwp%2Fv2%2Ftags&post=133678"}],"curies":[{"name":"wp","href":"https:\/\/api.w.org\/{rel}","templated":true}]}}