{"id":133689,"date":"2025-08-03T17:46:32","date_gmt":"2025-08-03T22:46:32","guid":{"rendered":"https:\/\/formalprision.com\/?p=133689"},"modified":"2025-08-04T16:00:12","modified_gmt":"2025-08-04T21:00:12","slug":"justicia-social-y-calidad-de-vida-para-las-comisarias-de-merida-con-cecilia-patron","status":"publish","type":"post","link":"https:\/\/formalprision.com\/?p=133689","title":{"rendered":"Justicia social y calidad de vida para las comisar\u00edas de M\u00e9rida con Cecilia Patr\u00f3n"},"content":{"rendered":"\n<p>M\u00c9RIDA, Yucat\u00e1n.- La presidenta municipal Cecilia Patr\u00f3n Laviada reafirm\u00f3 su compromiso con la justicia social y la calidad de vida de los habitantes de las comisar\u00edas de M\u00e9rida, al anunciar la rehabilitaci\u00f3n de la cancha de usos m\u00faltiples de Komch\u00e9n, un espacio que ha sido anhelado por a\u00f1os por la comunidad.<\/p>\n\n\n\n<p>En el marco del programa \u201cAlcaldesa en tu comisar\u00eda\u201d, la mun\u00edcipe se\u00f1al\u00f3 que est\u00e9 tipo de acciones solo se logra cuando la ciudadan\u00eda y el gobierno municipal trabajan juntos de la mano para mejorar los entornos haci\u00e9ndolos m\u00e1s armoniosos para la convivencia social.<\/p>\n\n\n\n<p>\u00abEstamos aqu\u00ed para servir y para hacer que M\u00e9rida sea una ciudad m\u00e1s justa y equitativa y mejore la calidad de vida para todas y todos\u00bb, asegur\u00f3.<\/p>\n\n\n\n<p>Acompa\u00f1ada de Sergio Chan Lugo, director de Obras P\u00fablicas, la alcaldesa inform\u00f3 que la obra iniciar\u00e1 en septiembre y concluir\u00e1 antes de que termine el a\u00f1o.<\/p>\n\n\n\n<p>Ante vecinas y vecinos de Komch\u00e9n, Cecilia recalc\u00f3 que el Ayuntamiento de M\u00e9rida est\u00e1 trabajando para mejorar la infraestructura y los servicios en las comisar\u00edas por lo que a trav\u00e9s del cabildo se busca brindar m\u00e1s recursos y oportunidades para las comunidades m\u00e1s necesitadas.<\/p>\n\n\n\n<figure class=\"wp-block-image size-full\"><a href=\"http:\/\/formalprision.com\/wp-content\/uploads\/2025\/08\/WhatsApp-Image-2025-08-03-at-3.51.23-PM.jpeg\"><img loading=\"lazy\" decoding=\"async\" width=\"900\" height=\"600\" src=\"http:\/\/formalprision.com\/wp-content\/uploads\/2025\/08\/WhatsApp-Image-2025-08-03-at-3.51.23-PM.jpeg\" alt=\"\" class=\"wp-image-133692\" srcset=\"https:\/\/formalprision.com\/wp-content\/uploads\/2025\/08\/WhatsApp-Image-2025-08-03-at-3.51.23-PM.jpeg 900w, https:\/\/formalprision.com\/wp-content\/uploads\/2025\/08\/WhatsApp-Image-2025-08-03-at-3.51.23-PM-300x200.jpeg 300w, https:\/\/formalprision.com\/wp-content\/uploads\/2025\/08\/WhatsApp-Image-2025-08-03-at-3.51.23-PM-768x512.jpeg 768w\" sizes=\"auto, (max-width: 900px) 100vw, 900px\" \/><\/a><\/figure>\n\n\n\n<p>Adem\u00e1s, inform\u00f3 que ya iniciaron el mejoramiento del sistema de agua potable en la comunidad y que para este a\u00f1o son 16 sistemas que se est\u00e1n trabajando en diferentes comisar\u00edas, como Molas, Dzununc\u00e1n, Santa Cruz Palomeque, Chablekal y Komch\u00e9n, entre otros.<\/p>\n\n\n\n<p>Durante su visita a Komch\u00e9n, la alcaldesa Cecilia Patr\u00f3n se reuni\u00f3 con habitantes de la comunidad para conocer sus inquietudes y necesidades.<\/p>\n\n\n\n<p>REHABILITACI\u00d3N<\/p>\n\n\n\n<p>Por su parte, Sergio Chan explic\u00f3 que el proyecto de rehabilitaci\u00f3n abarca un \u00e1rea de 1 mil 089.84 metros cuadrados y comprender\u00e1 la intervenci\u00f3n de dos espacios clave: el \u00e1rea deportiva y el \u00e1rea de usos m\u00faltiples.<\/p>\n\n\n\n<p>En el \u00e1rea deportiva, se realizar\u00e1n mejoras significativas, incluyendo el reemplazo del piso de concreto, la malla cicl\u00f3nica, la estructura de porter\u00eda, el tablero y las luminarias, lo que brindar\u00e1 una mejor funcionalidad y seguridad para los usuarios. Adem\u00e1s, se renovar\u00e1 la fachada para darle un aspecto m\u00e1s moderno y atractivo.<\/p>\n\n\n\n<p>En el \u00e1rea de usos m\u00faltiples, se rehabilitar\u00e1n los muros de concreto y se aplicar\u00e1 una nueva capa de pintura. Se instalar\u00e1 piso de pasta y se mejorar\u00e1 la iluminaci\u00f3n para crear un ambiente m\u00e1s acogedor y funcional.<\/p>\n\n\n\n<p>La rehabilitaci\u00f3n tambi\u00e9n incluye la colocaci\u00f3n de bancas con asientos de metal y madera pl\u00e1stica, botes de basura y la construcci\u00f3n de guarniciones, lo que contribuir\u00e1 a una experiencia m\u00e1s agradable y segura para los usuarios.<\/p>\n\n\n\n<p>En el recorrido por las calles de la comisar\u00eda, tambi\u00e9n se realizaron acciones de bacheo, reparaci\u00f3n de rejillas, limpieza de pozos y calles para evitar que las lluvias causen inconvenientes a la poblaci\u00f3n.<\/p>\n\n\n\n<p>En la visita a la comisar\u00eda acompa\u00f1aron a la alcaldesa Cecilia Patr\u00f3n, la diputada local Sayda Rodr\u00edguez G\u00f3mez; Flor Chan Euan, comisar\u00eda de Komch\u00e9n.<\/p>\n\n\n\n<p>Asimismo, los directores Arturo Le\u00f3n Itz\u00e1, de Desarrollo Social y Combate a la Pobreza; Luis Jorge Montalvo Duarte de Servicios P\u00fablicos, y Gerardo L\u00f3pez Fern\u00e1ndez de DIF Municipal. Juntos, est\u00e1n trabajando para mejorar la calidad de vida de los habitantes de M\u00e9rida.<\/p>\n","protected":false},"excerpt":{"rendered":"<p>M\u00c9RIDA, Yucat\u00e1n.- La presidenta municipal Cecilia Patr\u00f3n Laviada reafirm\u00f3 su compromiso con la justicia social y la calidad de vida de los habitantes de las comisar\u00edas de M\u00e9rida, al anunciar<\/p>\n","protected":false},"author":2,"featured_media":133691,"comment_status":"open","ping_status":"open","sticky":false,"template":"","format":"standard","meta":{"jetpack_post_was_ever_published":false,"_jetpack_newsletter_access":"","_jetpack_dont_email_post_to_subs":false,"_jetpack_newsletter_tier_id":0,"_jetpack_memberships_contains_paywalled_content":false,"_jetpack_memberships_contains_paid_content":false,"footnotes":"","jetpack_publicize_message":"","jetpack_publicize_feature_enabled":true,"jetpack_social_post_already_shared":true,"jetpack_social_options":{"image_generator_settings":{"template":"highway","default_image_id":0,"font":"","enabled":false},"version":2}},"categories":[14],"tags":[],"class_list":["post-133689","post","type-post","status-publish","format-standard","has-post-thumbnail","hentry","category-merida"],"jetpack_publicize_connections":[],"jetpack_featured_media_url":"https:\/\/formalprision.com\/wp-content\/uploads\/2025\/08\/WhatsApp-Image-2025-08-03-at-3.51.23-PM1.jpeg","jetpack_sharing_enabled":true,"jetpack_shortlink":"https:\/\/wp.me\/p6id8p-yMh","_links":{"self":[{"href":"https:\/\/formalprision.com\/index.php?rest_route=\/wp\/v2\/posts\/133689","targetHints":{"allow":["GET"]}}],"collection":[{"href":"https:\/\/formalprision.com\/index.php?rest_route=\/wp\/v2\/posts"}],"about":[{"href":"https:\/\/formalprision.com\/index.php?rest_route=\/wp\/v2\/types\/post"}],"author":[{"embeddable":true,"href":"https:\/\/formalprision.com\/index.php?rest_route=\/wp\/v2\/users\/2"}],"replies":[{"embeddable":true,"href":"https:\/\/formalprision.com\/index.php?rest_route=%2Fwp%2Fv2%2Fcomments&post=133689"}],"version-history":[{"count":2,"href":"https:\/\/formalprision.com\/index.php?rest_route=\/wp\/v2\/posts\/133689\/revisions"}],"predecessor-version":[{"id":133693,"href":"https:\/\/formalprision.com\/index.php?rest_route=\/wp\/v2\/posts\/133689\/revisions\/133693"}],"wp:featuredmedia":[{"embeddable":true,"href":"https:\/\/formalprision.com\/index.php?rest_route=\/wp\/v2\/media\/133691"}],"wp:attachment":[{"href":"https:\/\/formalprision.com\/index.php?rest_route=%2Fwp%2Fv2%2Fmedia&parent=133689"}],"wp:term":[{"taxonomy":"category","embeddable":true,"href":"https:\/\/formalprision.com\/index.php?rest_route=%2Fwp%2Fv2%2Fcategories&post=133689"},{"taxonomy":"post_tag","embeddable":true,"href":"https:\/\/formalprision.com\/index.php?rest_route=%2Fwp%2Fv2%2Ftags&post=133689"}],"curies":[{"name":"wp","href":"https:\/\/api.w.org\/{rel}","templated":true}]}}