{"id":133694,"date":"2025-08-03T20:21:39","date_gmt":"2025-08-04T01:21:39","guid":{"rendered":"https:\/\/formalprision.com\/?p=133694"},"modified":"2025-08-03T20:21:39","modified_gmt":"2025-08-04T01:21:39","slug":"celebran-23-anos-de-la-casa-de-la-cultura-de-merida","status":"publish","type":"post","link":"https:\/\/formalprision.com\/?p=133694","title":{"rendered":"Celebran 23 a\u00f1os de la Casa de la Cultura de M\u00e9rida"},"content":{"rendered":"\n<p>M\u00c9RIDA, Yucat\u00e1n.- Con una emotiva jornada llena de arte, m\u00fasica, baile y memorias, se llev\u00f3 a cabo la conmemoraci\u00f3n del 23 aniversario de la Casa de la Cultura de M\u00e9rida, que incluy\u00f3 un homenaje p\u00f3stumo al maestro Jorge Alberto Moguel Mart\u00edn, fundador y maestro de guitarra por 21 a\u00f1os en este centro cultural.<\/p>\n\n\n\n<p>Durante el evento, familiares del maestro Moguel Mart\u00edn depositaron flores en su memoria, acompa\u00f1ados por la comunidad cultural y autoridades municipales presentes. Su legado art\u00edstico y humano fue recordado con gratitud por quienes compartieron su camino a trav\u00e9s del arte.<\/p>\n\n\n\n<p>En representaci\u00f3n de la alcaldesa Cecilia Patr\u00f3n Laviada, Flora Helena Zapata Mendiolea, coordinadora General de Justicia Social y Desarrollo Humano, agradeci\u00f3 el legado del maestro homenajeado y reconoci\u00f3 el esfuerzo de docentes, alumnas, alumnos y familias que d\u00eda con d\u00eda fortalecen estos espacios de convivencia e inclusi\u00f3n.<\/p>\n\n\n\n<p>Adem\u00e1s, la celebraci\u00f3n incluy\u00f3 presentaciones de los grupos del taller de baile, la selecci\u00f3n de m\u00fasica y el ballet folcl\u00f3rico de la Casa de la Cultura de M\u00e9rida, que ofrecieron una muestra del talento y compromiso que este espacio impulsa d\u00eda con d\u00eda. En el sal\u00f3n multifuncional se inaugur\u00f3 tambi\u00e9n una exposici\u00f3n con los trabajos realizados por alumnas y alumnos del taller de manualidades.<\/p>\n\n\n\n<p>Gerardo Jes\u00fas L\u00f3pez Fern\u00e1ndez, director del DIF M\u00e9rida, dio la bienvenida a las familias asistentes y reconoci\u00f3 el valor de este espacio cultural como un motor de desarrollo inclusivo. Reiter\u00f3 el compromiso del DIF Municipal por seguir fomentando actividades que fortalezcan la inclusi\u00f3n en todos los \u00e1mbitos y sin distinci\u00f3n.<\/p>\n\n\n\n<p>La Casa de la Cultura para Personas con Discapacidad fue inaugurada el 16 de agosto de 2002 como el primer centro cultural dirigido a personas con discapacidad en M\u00e9rida, ofreciendo talleres de pintura, canto y teclado. En 2024, este centro adopt\u00f3 el nombre de Casa de la Cultura de M\u00e9rida, reflejando su vocaci\u00f3n incluyente y su compromiso con el acceso universal a la cultura.<\/p>\n\n\n\n<p>Actualmente, este espacio atiende a 76 personas entre j\u00f3venes y adultos, con y sin discapacidad, y ofrece talleres y disciplinas como: pintura, artes manuales, piano, danza mexicana, teatro, baile y macram\u00e9.<\/p>\n\n\n\n<p>Con 23 a\u00f1os de historia, la Casa de la Cultura de M\u00e9rida reafirma su papel como semillero de talento, inclusi\u00f3n y encuentro comunitario.<\/p>\n","protected":false},"excerpt":{"rendered":"<p>M\u00c9RIDA, Yucat\u00e1n.- Con una emotiva jornada llena de arte, m\u00fasica, baile y memorias, se llev\u00f3 a cabo la conmemoraci\u00f3n del 23 aniversario de la Casa de la Cultura de M\u00e9rida,<\/p>\n","protected":false},"author":2,"featured_media":133696,"comment_status":"open","ping_status":"open","sticky":false,"template":"","format":"standard","meta":{"jetpack_post_was_ever_published":false,"_jetpack_newsletter_access":"","_jetpack_dont_email_post_to_subs":false,"_jetpack_newsletter_tier_id":0,"_jetpack_memberships_contains_paywalled_content":false,"_jetpack_memberships_contains_paid_content":false,"footnotes":"","jetpack_publicize_message":"","jetpack_publicize_feature_enabled":true,"jetpack_social_post_already_shared":true,"jetpack_social_options":{"image_generator_settings":{"template":"highway","default_image_id":0,"font":"","enabled":false},"version":2}},"categories":[14],"tags":[],"class_list":["post-133694","post","type-post","status-publish","format-standard","has-post-thumbnail","hentry","category-merida"],"jetpack_publicize_connections":[],"jetpack_featured_media_url":"https:\/\/formalprision.com\/wp-content\/uploads\/2025\/08\/WhatsApp-Image-2025-08-03-at-5.09.41-PM.jpeg","jetpack_sharing_enabled":true,"jetpack_shortlink":"https:\/\/wp.me\/p6id8p-yMm","_links":{"self":[{"href":"https:\/\/formalprision.com\/index.php?rest_route=\/wp\/v2\/posts\/133694","targetHints":{"allow":["GET"]}}],"collection":[{"href":"https:\/\/formalprision.com\/index.php?rest_route=\/wp\/v2\/posts"}],"about":[{"href":"https:\/\/formalprision.com\/index.php?rest_route=\/wp\/v2\/types\/post"}],"author":[{"embeddable":true,"href":"https:\/\/formalprision.com\/index.php?rest_route=\/wp\/v2\/users\/2"}],"replies":[{"embeddable":true,"href":"https:\/\/formalprision.com\/index.php?rest_route=%2Fwp%2Fv2%2Fcomments&post=133694"}],"version-history":[{"count":1,"href":"https:\/\/formalprision.com\/index.php?rest_route=\/wp\/v2\/posts\/133694\/revisions"}],"predecessor-version":[{"id":133695,"href":"https:\/\/formalprision.com\/index.php?rest_route=\/wp\/v2\/posts\/133694\/revisions\/133695"}],"wp:featuredmedia":[{"embeddable":true,"href":"https:\/\/formalprision.com\/index.php?rest_route=\/wp\/v2\/media\/133696"}],"wp:attachment":[{"href":"https:\/\/formalprision.com\/index.php?rest_route=%2Fwp%2Fv2%2Fmedia&parent=133694"}],"wp:term":[{"taxonomy":"category","embeddable":true,"href":"https:\/\/formalprision.com\/index.php?rest_route=%2Fwp%2Fv2%2Fcategories&post=133694"},{"taxonomy":"post_tag","embeddable":true,"href":"https:\/\/formalprision.com\/index.php?rest_route=%2Fwp%2Fv2%2Ftags&post=133694"}],"curies":[{"name":"wp","href":"https:\/\/api.w.org\/{rel}","templated":true}]}}