{"id":133706,"date":"2025-08-04T15:45:51","date_gmt":"2025-08-04T20:45:51","guid":{"rendered":"https:\/\/formalprision.com\/?p=133706"},"modified":"2025-08-04T15:59:56","modified_gmt":"2025-08-04T20:59:56","slug":"cecilia-patron-crea-la-central-de-orden-planeacion-y-desarrollo-urbano","status":"publish","type":"post","link":"https:\/\/formalprision.com\/?p=133706","title":{"rendered":"Cecilia Patr\u00f3n crea la Central de Orden, Planeaci\u00f3n y Desarrollo Urbano"},"content":{"rendered":"\n<p>M\u00c9RIDA, Yucat\u00e1n.- Para tener una M\u00e9rida con crecimiento responsable y respetando su identidad, la presidenta municipal Cecilia Patr\u00f3n Laviada present\u00f3 la Estrategia M\u00e9rida Ordenada que permitir\u00e1 implementar acciones para un desarrollo m\u00e1s sostenible y justicia social en beneficio de las familias meridanas.<\/p>\n\n\n\n<p>\u201cEl orden es base de una ciudad con justicia social y mejor calidad de vida para su gente, y la nueva Central de Orden, Planeaci\u00f3n y Desarrollo Urbano facilitar\u00e1 los procesos, el flujo de informaci\u00f3n y agilizaci\u00f3n de los tr\u00e1mites para que las familias meridanas tengan una ciudad m\u00e1s ordenada y consciente con su potencial desarrollo\u201d, puntualiz\u00f3 la alcaldesa.<\/p>\n\n\n\n<p>La acostumbrada reuni\u00f3n semanal con los medios de comunicaci\u00f3n se traslad\u00f3 en esta ocasi\u00f3n el edificio ubicado en el poniente de la ciudad, que ahora concentra a las direcciones de Catastro, Desarrollo Urbano y el Instituto Municipal de Planeaci\u00f3n, mejorando los tiempos y procesos administrativos para facilitarle la vida a las y los ciudadanos.<\/p>\n\n\n\n<p>La edil enfatiz\u00f3 que no se trata de detener el desarrollo, sino hacerlo con orden y respetando la identidad de nuestra ciudad y sus comisar\u00edas, poniendo orden dentro de la administraci\u00f3n municipal, para tambi\u00e9n hacerlo hacia afuera con la ciudadan\u00eda.<\/p>\n\n\n\n<p>Entre las innovaciones en tr\u00e1mites urbanos que ha emprendido el Ayuntamiento en esta nueva forma de gobernar est\u00e1 la simplificaci\u00f3n de procesos con tr\u00e1mites 2&#215;1 en la finalizaci\u00f3n de obras, la mejora de tiempos de respuesta al pasar de 3 d\u00edas h\u00e1biles a 2 horas, gracias a la digitalizaci\u00f3n de tr\u00e1mites de Catastro.<\/p>\n\n\n\n<p>Adem\u00e1s se cuenta con ventanillas para licencias menores a 45 metros cuadrados reactivadas, ventanillas expr\u00e9s para tr\u00e1mites de c\u00e9dula urbana y zonas de reserva.<\/p>\n\n\n\n<p>La mun\u00edcipe resalt\u00f3 que parte de esta integralidad de servicios y tr\u00e1mites en el quehacer municipal se la logrado a trav\u00e9s de M\u00e9rida Limpia la intervenci\u00f3n de 38 predios de personas que acumulan basura con la recolecci\u00f3n de 428 toneladas de basura para reducir riesgos de salud y garantizar el bienestar de la gente.<\/p>\n\n\n\n<p>En ese sentido, se han recibido m\u00e1s de 2 mil denuncias ciudadanas por infracciones al Reglamento de Limpieza, Sanidad y Conservaci\u00f3n de Inmuebles; y como parte de los predios exhortados por parte del Ayuntamiento se ha logrado la atenci\u00f3n de un 65 por ciento por parte de sus propietarios.<\/p>\n\n\n\n<p>Cecilia Patr\u00f3n comparti\u00f3 que algunos de los retos de ciudades con m\u00e1s un mill\u00f3n de habitantes, donde en promedio seis nuevas familias al d\u00eda llegan a vivir a M\u00e9rida, y con un crecimiento al doble de la media nacional, implica garantizar una mejor infraestructura y calidad de servicios p\u00fablicos, el constante crecimiento de la mancha urbana, las presiones fiscales, viviendas asequibles, movilidad eficiente y seguridad perdurable.<\/p>\n\n\n\n<p>\u201cPor ello se conformar\u00e1 un nuevo modelo integral de tr\u00e1mites y servicios digitales para la administraci\u00f3n municipal que unificar\u00e1 al Catastro y Desarrollo Urbano en un sistema moderno e interoperable, teniendo as\u00ed una administraci\u00f3n m\u00e1s moderna, eficiente y cercana\u201d, inform\u00f3 la mun\u00edcipe.<\/p>\n\n\n\n<p>Esto permitir\u00e1 un simplificado y digitalizaci\u00f3n de los tr\u00e1mites de Desarrollo Urbano y Catastro para ofrecer un servicio \u00e1gil, transparente y accesible, reduciendo tiempos y costos. Es decir que se busca transformar la administraci\u00f3n en un ecosistema digital unificado, beneficiando a ciudadanos, empresas y profesionales del sector.<\/p>\n\n\n\n<p>De igual forma esto dar\u00e1 pie a realizar cualquier tr\u00e1mite desde cualquier lugar, con seguimiento en tiempo real y resolutivos digitales, sin repetir documentos en cada proceso nuevo, con menos filas, m\u00e1s transparencia y reglas claras para todos<\/p>\n\n\n\n<p>A esto se suma la puesta en marcha de C\u00f3digos QR para vigilar las construcciones en el municipio, para que de manera visible y verificable todas y todos los ciudadanos puedan corroborar el cumplimiento normativo de nuevas obras y que hoy por hoy solo aplica para solicitudes en l\u00ednea de manera voluntaria y se buscar\u00e1 sea requisito indispensable en futuros tr\u00e1mites.<\/p>\n\n\n\n<p>Como parte de la vigilancia normativa el Ayuntamiento ha realizado 71 operativos de alto impacto de vigilancia y supervisi\u00f3n, en el que se han retirado un total de 155 establecimientos retirados en el primer cuadro de la ciudad, colonias y periferia despejado el Pasaje Emilio Seijo, Parque Eulogio Rosado, Jardines del Norte y Parque de la Alem\u00e1n, por mencionar.<\/p>\n\n\n\n<p>Y junto con la elaboraci\u00f3n del Programa Municipal de Ordenamiento Territorial y Desarrollo Urbano de M\u00e9rida, se ha detectado oportunidades de mejora como lo es la atenci\u00f3n de la densificaci\u00f3n urbana, calles seguras para las personas peatonas, \u00e1reas verdes y espacios urbanos, supervisi\u00f3n ambiental del adecuado funcionamiento del uso de suelo, viviendas accesibles y comisar\u00edas mejor conectadas.<\/p>\n\n\n\n<p>\u201cEste es el arranque, el punto de partida para ordenar M\u00e9rida, para dejar los cimientos de la visi\u00f3n que queremos como ciudad sostenible y con justicia social, la ciudad que todos deseamos tener para nuestro presente y futuro\u201d concluy\u00f3 la mun\u00edcipe.<\/p>\n","protected":false},"excerpt":{"rendered":"<p>M\u00c9RIDA, Yucat\u00e1n.- Para tener una M\u00e9rida con crecimiento responsable y respetando su identidad, la presidenta municipal Cecilia Patr\u00f3n Laviada present\u00f3 la Estrategia M\u00e9rida Ordenada que permitir\u00e1 implementar acciones para un<\/p>\n","protected":false},"author":2,"featured_media":133708,"comment_status":"open","ping_status":"open","sticky":false,"template":"","format":"standard","meta":{"jetpack_post_was_ever_published":false,"_jetpack_newsletter_access":"","_jetpack_dont_email_post_to_subs":false,"_jetpack_newsletter_tier_id":0,"_jetpack_memberships_contains_paywalled_content":false,"_jetpack_memberships_contains_paid_content":false,"footnotes":"","jetpack_publicize_message":"","jetpack_publicize_feature_enabled":true,"jetpack_social_post_already_shared":true,"jetpack_social_options":{"image_generator_settings":{"template":"highway","default_image_id":0,"font":"","enabled":false},"version":2}},"categories":[54],"tags":[],"class_list":["post-133706","post","type-post","status-publish","format-standard","has-post-thumbnail","hentry","category-yucatan"],"jetpack_publicize_connections":[],"jetpack_featured_media_url":"https:\/\/formalprision.com\/wp-content\/uploads\/2025\/08\/WhatsApp-Image-2025-08-04-at-2.20.58-PM.jpeg","jetpack_sharing_enabled":true,"jetpack_shortlink":"https:\/\/wp.me\/p6id8p-yMy","_links":{"self":[{"href":"https:\/\/formalprision.com\/index.php?rest_route=\/wp\/v2\/posts\/133706","targetHints":{"allow":["GET"]}}],"collection":[{"href":"https:\/\/formalprision.com\/index.php?rest_route=\/wp\/v2\/posts"}],"about":[{"href":"https:\/\/formalprision.com\/index.php?rest_route=\/wp\/v2\/types\/post"}],"author":[{"embeddable":true,"href":"https:\/\/formalprision.com\/index.php?rest_route=\/wp\/v2\/users\/2"}],"replies":[{"embeddable":true,"href":"https:\/\/formalprision.com\/index.php?rest_route=%2Fwp%2Fv2%2Fcomments&post=133706"}],"version-history":[{"count":1,"href":"https:\/\/formalprision.com\/index.php?rest_route=\/wp\/v2\/posts\/133706\/revisions"}],"predecessor-version":[{"id":133707,"href":"https:\/\/formalprision.com\/index.php?rest_route=\/wp\/v2\/posts\/133706\/revisions\/133707"}],"wp:featuredmedia":[{"embeddable":true,"href":"https:\/\/formalprision.com\/index.php?rest_route=\/wp\/v2\/media\/133708"}],"wp:attachment":[{"href":"https:\/\/formalprision.com\/index.php?rest_route=%2Fwp%2Fv2%2Fmedia&parent=133706"}],"wp:term":[{"taxonomy":"category","embeddable":true,"href":"https:\/\/formalprision.com\/index.php?rest_route=%2Fwp%2Fv2%2Fcategories&post=133706"},{"taxonomy":"post_tag","embeddable":true,"href":"https:\/\/formalprision.com\/index.php?rest_route=%2Fwp%2Fv2%2Ftags&post=133706"}],"curies":[{"name":"wp","href":"https:\/\/api.w.org\/{rel}","templated":true}]}}