{"id":133712,"date":"2025-08-04T17:04:02","date_gmt":"2025-08-04T22:04:02","guid":{"rendered":"https:\/\/formalprision.com\/?p=133712"},"modified":"2025-08-04T17:04:02","modified_gmt":"2025-08-04T22:04:02","slug":"arranco-el-mes-de-la-juventud-en-merida-con-todo-el-power","status":"publish","type":"post","link":"https:\/\/formalprision.com\/?p=133712","title":{"rendered":"Arranc\u00f3 el Mes de la Juventud en M\u00e9rida con todo el \u201cpower\u201d"},"content":{"rendered":"\n<p>M\u00c9RIDA, Yucat\u00e1n.- Con m\u00fasica, emprendimiento y diversas muestras del talento local dieron inicio las actividades del Mes de la Juventud 2025 del Ayuntamiento de M\u00e9rida que encabeza la alcaldesa Cecilia Patr\u00f3n Laviada, una agenda dise\u00f1ada para impulsar la acci\u00f3n social desde las juventudes.<\/p>\n\n\n\n<p>Durante el arranque del Festival Mood Joven realizado en el Monumento a la Patria, Arturo Le\u00f3n Itz\u00e1, director de Desarrollo Social y Combate a la Pobreza, se\u00f1al\u00f3 que se esta serie de eventos culturales, deportivos, ambientales y formativos ponen al centro las voces, necesidades y aspiraciones de las juventudes meridanas.<\/p>\n\n\n\n<p>\u201cNo hay transformaci\u00f3n real si dejamos fuera a nuestras juventudes. Son la fuerza que puede mover a M\u00e9rida hacia un rumbo m\u00e1s justo, m\u00e1s humano y m\u00e1s innovador\u201d, expres\u00f3 Arturo Le\u00f3n Itz\u00e1.<\/p>\n\n\n\n<p>El evento inaugural fue una fiesta juvenil con la participaci\u00f3n de colectivos de danza urbana como Ninetwofive y Soul, una rodada en bicicleta, una feria de emprendimiento juvenil y el esperado concierto del grupo yucateco Freekids, en un ambiente familiar, seguro y lleno de energ\u00eda.<\/p>\n\n\n\n<p>Como parte de las actividades, tambi\u00e9n se llev\u00f3 a cabo el Festival Urbano en la Unidad Deportiva Francisco de Montejo, con batallas de freestyle que ofrecieron a los participantes la oportunidad de clasificar a un evento nacional de Red Bull. Adem\u00e1s de talento musical, el festival incluy\u00f3 DJs invitados e influencers locales, generando un espacio de inclusi\u00f3n, sana competencia y visibilidad para los j\u00f3venes.<\/p>\n\n\n\n<p>\u201cQueremos que nuestras juventudes vivan en una ciudad que les hable con honestidad, que les brinde espacios reales para crear, trabajar, expresarse y tambi\u00e9n so\u00f1ar. El Mes de la Juventud es justo eso: una ventana abierta al futuro que ellas mismas est\u00e1n construyendo\u201d, se\u00f1al\u00f3 Arturo Le\u00f3n.<\/p>\n\n\n\n<p>Esta edici\u00f3n del Mes de la Juventud incluye actividades que se realizar\u00e1n en diferentes puntos de la ciudad, como carreras solidarias, reforestaciones, festivales de arte urbano, colectas para j\u00f3venes en situaci\u00f3n vulnerable, murales colaborativos, encuentros con empresas y ferias informativas en escuelas.<\/p>\n\n\n\n<p>\u201cCaminar con la gente es nuestra forma de gobernar. Escuchamos a las juventudes porque sabemos que sus ideas, su fuerza y su creatividad son clave para resolver los desaf\u00edos de nuestra ciudad. Gobernar con justicia social tambi\u00e9n significa darles herramientas para crecer y decidir\u201d, recalc\u00f3 Le\u00f3n Itz\u00e1.<\/p>\n\n\n\n<p>El calendario de actividades se puede consultar en www.merida.gob.mx\/juventud, as\u00ed como en las redes oficiales: TikTok: @meridajoven, Instagram: @meridajoven_ y Facebook: M\u00e9rida Joven<\/p>\n\n\n\n<p>Para mayores informes sobre los programas sociales, la ciudadan\u00eda puede acudir a las ventanillas de la Direcci\u00f3n de Desarrollo Social y Combate a la Pobreza, ubicadas en calle 65 No. 368 Int. x 40 y 42, Col. Centro, o comunicarse al tel\u00e9fono (999) 924 6962, ext. 81750, de lunes a viernes de 8:00 a.m. a 3:00 p.m.<\/p>\n","protected":false},"excerpt":{"rendered":"<p>M\u00c9RIDA, Yucat\u00e1n.- Con m\u00fasica, emprendimiento y diversas muestras del talento local dieron inicio las actividades del Mes de la Juventud 2025 del Ayuntamiento de M\u00e9rida que encabeza la alcaldesa Cecilia<\/p>\n","protected":false},"author":2,"featured_media":133714,"comment_status":"open","ping_status":"open","sticky":false,"template":"","format":"standard","meta":{"jetpack_post_was_ever_published":false,"_jetpack_newsletter_access":"","_jetpack_dont_email_post_to_subs":false,"_jetpack_newsletter_tier_id":0,"_jetpack_memberships_contains_paywalled_content":false,"_jetpack_memberships_contains_paid_content":false,"footnotes":"","jetpack_publicize_message":"","jetpack_publicize_feature_enabled":true,"jetpack_social_post_already_shared":true,"jetpack_social_options":{"image_generator_settings":{"template":"highway","default_image_id":0,"font":"","enabled":false},"version":2}},"categories":[14],"tags":[],"class_list":["post-133712","post","type-post","status-publish","format-standard","has-post-thumbnail","hentry","category-merida"],"jetpack_publicize_connections":[],"jetpack_featured_media_url":"https:\/\/formalprision.com\/wp-content\/uploads\/2025\/08\/WhatsApp-Image-2025-08-04-at-3.29.57-PM1.jpeg","jetpack_sharing_enabled":true,"jetpack_shortlink":"https:\/\/wp.me\/p6id8p-yME","_links":{"self":[{"href":"https:\/\/formalprision.com\/index.php?rest_route=\/wp\/v2\/posts\/133712","targetHints":{"allow":["GET"]}}],"collection":[{"href":"https:\/\/formalprision.com\/index.php?rest_route=\/wp\/v2\/posts"}],"about":[{"href":"https:\/\/formalprision.com\/index.php?rest_route=\/wp\/v2\/types\/post"}],"author":[{"embeddable":true,"href":"https:\/\/formalprision.com\/index.php?rest_route=\/wp\/v2\/users\/2"}],"replies":[{"embeddable":true,"href":"https:\/\/formalprision.com\/index.php?rest_route=%2Fwp%2Fv2%2Fcomments&post=133712"}],"version-history":[{"count":1,"href":"https:\/\/formalprision.com\/index.php?rest_route=\/wp\/v2\/posts\/133712\/revisions"}],"predecessor-version":[{"id":133713,"href":"https:\/\/formalprision.com\/index.php?rest_route=\/wp\/v2\/posts\/133712\/revisions\/133713"}],"wp:featuredmedia":[{"embeddable":true,"href":"https:\/\/formalprision.com\/index.php?rest_route=\/wp\/v2\/media\/133714"}],"wp:attachment":[{"href":"https:\/\/formalprision.com\/index.php?rest_route=%2Fwp%2Fv2%2Fmedia&parent=133712"}],"wp:term":[{"taxonomy":"category","embeddable":true,"href":"https:\/\/formalprision.com\/index.php?rest_route=%2Fwp%2Fv2%2Fcategories&post=133712"},{"taxonomy":"post_tag","embeddable":true,"href":"https:\/\/formalprision.com\/index.php?rest_route=%2Fwp%2Fv2%2Ftags&post=133712"}],"curies":[{"name":"wp","href":"https:\/\/api.w.org\/{rel}","templated":true}]}}