{"id":133715,"date":"2025-08-04T19:51:42","date_gmt":"2025-08-05T00:51:42","guid":{"rendered":"https:\/\/formalprision.com\/?p=133715"},"modified":"2025-08-04T19:53:36","modified_gmt":"2025-08-05T00:53:36","slug":"yucatan-contara-con-el-primer-centro-estatal-para-el-autismo-en-el-sureste","status":"publish","type":"post","link":"https:\/\/formalprision.com\/?p=133715","title":{"rendered":"Yucat\u00e1n contar\u00e1 con el primer Centro Estatal para el Autismo en el sureste"},"content":{"rendered":"\n<p>M\u00e9rida, Yucat\u00e1n, a 4 de agosto de 2025.-A fin de ampliar y fortalecer los servicios de atenci\u00f3n a personas con discapacidad, el gobernador Joaqu\u00edn D\u00edaz Mena anunci\u00f3 la creaci\u00f3n del primer Centro Estatal para el Trastorno del Espectro Autista (Cetea) del sureste del pa\u00eds, el cual ofrecer\u00e1 terapias integrales y acompa\u00f1amiento familiar a ni\u00f1as y ni\u00f1os de entre dos y doce a\u00f1os.<br>&nbsp;<br>Al encabezar la celebraci\u00f3n por el 46\u00b0 aniversario del Centro de Rehabilitaci\u00f3n y Educaci\u00f3n Especial (CREE), el mandatario estatal inform\u00f3 que ser\u00e1 el \u00fanico centro p\u00fablico especializado en su tipo en el sureste y que, en una primera etapa, brindar\u00e1 atenci\u00f3n con un enfoque integral, humano y centrado en el amor.<br>&nbsp;<br>A\u00f1adi\u00f3 que este esfuerzo contar\u00e1 con una inversi\u00f3n inicial de diez millones de pesos por parte del Gobierno del Estado, adem\u00e1s de dos millones de pesos en equipamiento aportados por el Comando Norte de los Estados Unidos, lo que representa un total de doce millones de pesos.<br>&nbsp;<\/p>\n","protected":false},"excerpt":{"rendered":"<p>M\u00e9rida, Yucat\u00e1n, a 4 de agosto de 2025.-A fin de ampliar y fortalecer los servicios de atenci\u00f3n a personas con discapacidad, el gobernador Joaqu\u00edn D\u00edaz Mena anunci\u00f3 la creaci\u00f3n del<\/p>\n","protected":false},"author":1,"featured_media":133717,"comment_status":"open","ping_status":"open","sticky":false,"template":"","format":"standard","meta":{"jetpack_post_was_ever_published":false,"_jetpack_newsletter_access":"","_jetpack_dont_email_post_to_subs":false,"_jetpack_newsletter_tier_id":0,"_jetpack_memberships_contains_paywalled_content":false,"_jetpack_memberships_contains_paid_content":false,"footnotes":"","jetpack_publicize_message":"","jetpack_publicize_feature_enabled":true,"jetpack_social_post_already_shared":true,"jetpack_social_options":{"image_generator_settings":{"template":"highway","default_image_id":0,"font":"","enabled":false},"version":2}},"categories":[14],"tags":[],"class_list":["post-133715","post","type-post","status-publish","format-standard","has-post-thumbnail","hentry","category-merida"],"jetpack_publicize_connections":[],"jetpack_featured_media_url":"https:\/\/formalprision.com\/wp-content\/uploads\/2025\/08\/FB_IMG_1754355085847.jpg","jetpack_sharing_enabled":true,"jetpack_shortlink":"https:\/\/wp.me\/p6id8p-yMH","_links":{"self":[{"href":"https:\/\/formalprision.com\/index.php?rest_route=\/wp\/v2\/posts\/133715","targetHints":{"allow":["GET"]}}],"collection":[{"href":"https:\/\/formalprision.com\/index.php?rest_route=\/wp\/v2\/posts"}],"about":[{"href":"https:\/\/formalprision.com\/index.php?rest_route=\/wp\/v2\/types\/post"}],"author":[{"embeddable":true,"href":"https:\/\/formalprision.com\/index.php?rest_route=\/wp\/v2\/users\/1"}],"replies":[{"embeddable":true,"href":"https:\/\/formalprision.com\/index.php?rest_route=%2Fwp%2Fv2%2Fcomments&post=133715"}],"version-history":[{"count":1,"href":"https:\/\/formalprision.com\/index.php?rest_route=\/wp\/v2\/posts\/133715\/revisions"}],"predecessor-version":[{"id":133716,"href":"https:\/\/formalprision.com\/index.php?rest_route=\/wp\/v2\/posts\/133715\/revisions\/133716"}],"wp:featuredmedia":[{"embeddable":true,"href":"https:\/\/formalprision.com\/index.php?rest_route=\/wp\/v2\/media\/133717"}],"wp:attachment":[{"href":"https:\/\/formalprision.com\/index.php?rest_route=%2Fwp%2Fv2%2Fmedia&parent=133715"}],"wp:term":[{"taxonomy":"category","embeddable":true,"href":"https:\/\/formalprision.com\/index.php?rest_route=%2Fwp%2Fv2%2Fcategories&post=133715"},{"taxonomy":"post_tag","embeddable":true,"href":"https:\/\/formalprision.com\/index.php?rest_route=%2Fwp%2Fv2%2Ftags&post=133715"}],"curies":[{"name":"wp","href":"https:\/\/api.w.org\/{rel}","templated":true}]}}