{"id":133740,"date":"2025-08-05T18:23:43","date_gmt":"2025-08-05T23:23:43","guid":{"rendered":"https:\/\/formalprision.com\/?p=133740"},"modified":"2025-08-05T18:23:43","modified_gmt":"2025-08-05T23:23:43","slug":"agentes-de-la-policia-municipal-de-merida-reciben-capacitacion-en-seguridad-nacional","status":"publish","type":"post","link":"https:\/\/formalprision.com\/?p=133740","title":{"rendered":"Agentes de la Polic\u00eda Municipal de M\u00e9rida reciben capacitaci\u00f3n en Seguridad Nacional"},"content":{"rendered":"\n<p>M\u00c9RIDA, Yucat\u00e1n.- Para continuar fortaleciendo los esquemas de capacitaci\u00f3n del personal operativo de la Polic\u00eda Municipal, agentes pertenecientes a las \u00e1reas de seguridad ciudadana, vialidad y el programa guardaparques, tomaron el curso \u201cDifusi\u00f3n de la Cultura de la Seguridad Nacional\u201d, a cargo del General Piloto Aviador Magdaleno Casta\u00f1\u00f3n Mu\u00f1oz adscrito a la Base A\u00e9rea No. 8.<\/p>\n\n\n\n<p>Este curso es resultado de la coordinaci\u00f3n y trabajo conjunto que mantiene esta corporaci\u00f3n policial con las dem\u00e1s instituciones de seguridad tanto federales como estatales.<\/p>\n\n\n\n<p>En este curso se abordaron diversas tem\u00e1ticas relacionadas con la cultura de seguridad nacional, dentro del marco normativo de la Secretar\u00eda de la Defensa Nacional, y conceptos definitorios dentro del marco de la seguridad nacional.<\/p>\n\n\n\n<p>Del mismo modo se trat\u00f3 el actuar de la Secretar\u00eda de la Defensa Nacional en la aplicaci\u00f3n de protocolos relacionados con la defensa nacional.<\/p>\n\n\n\n<p>La Polic\u00eda Municipal de M\u00e9rida continuar\u00e1 con el proceso de capacitaci\u00f3n policial como parte de los esquemas de formaci\u00f3n y profesionalizaci\u00f3n de los agentes que la conforman.<\/p>\n","protected":false},"excerpt":{"rendered":"<p>M\u00c9RIDA, Yucat\u00e1n.- Para continuar fortaleciendo los esquemas de capacitaci\u00f3n del personal operativo de la Polic\u00eda Municipal, agentes pertenecientes a las \u00e1reas de seguridad ciudadana, vialidad y el programa guardaparques, tomaron<\/p>\n","protected":false},"author":2,"featured_media":133742,"comment_status":"open","ping_status":"open","sticky":false,"template":"","format":"standard","meta":{"jetpack_post_was_ever_published":false,"_jetpack_newsletter_access":"","_jetpack_dont_email_post_to_subs":false,"_jetpack_newsletter_tier_id":0,"_jetpack_memberships_contains_paywalled_content":false,"_jetpack_memberships_contains_paid_content":false,"footnotes":"","jetpack_publicize_message":"","jetpack_publicize_feature_enabled":true,"jetpack_social_post_already_shared":true,"jetpack_social_options":{"image_generator_settings":{"template":"highway","default_image_id":0,"font":"","enabled":false},"version":2}},"categories":[14],"tags":[],"class_list":["post-133740","post","type-post","status-publish","format-standard","has-post-thumbnail","hentry","category-merida"],"jetpack_publicize_connections":[],"jetpack_featured_media_url":"https:\/\/formalprision.com\/wp-content\/uploads\/2025\/08\/WhatsApp-Image-2025-08-05-at-5.08.06-PM.jpeg","jetpack_sharing_enabled":true,"jetpack_shortlink":"https:\/\/wp.me\/p6id8p-yN6","_links":{"self":[{"href":"https:\/\/formalprision.com\/index.php?rest_route=\/wp\/v2\/posts\/133740","targetHints":{"allow":["GET"]}}],"collection":[{"href":"https:\/\/formalprision.com\/index.php?rest_route=\/wp\/v2\/posts"}],"about":[{"href":"https:\/\/formalprision.com\/index.php?rest_route=\/wp\/v2\/types\/post"}],"author":[{"embeddable":true,"href":"https:\/\/formalprision.com\/index.php?rest_route=\/wp\/v2\/users\/2"}],"replies":[{"embeddable":true,"href":"https:\/\/formalprision.com\/index.php?rest_route=%2Fwp%2Fv2%2Fcomments&post=133740"}],"version-history":[{"count":1,"href":"https:\/\/formalprision.com\/index.php?rest_route=\/wp\/v2\/posts\/133740\/revisions"}],"predecessor-version":[{"id":133741,"href":"https:\/\/formalprision.com\/index.php?rest_route=\/wp\/v2\/posts\/133740\/revisions\/133741"}],"wp:featuredmedia":[{"embeddable":true,"href":"https:\/\/formalprision.com\/index.php?rest_route=\/wp\/v2\/media\/133742"}],"wp:attachment":[{"href":"https:\/\/formalprision.com\/index.php?rest_route=%2Fwp%2Fv2%2Fmedia&parent=133740"}],"wp:term":[{"taxonomy":"category","embeddable":true,"href":"https:\/\/formalprision.com\/index.php?rest_route=%2Fwp%2Fv2%2Fcategories&post=133740"},{"taxonomy":"post_tag","embeddable":true,"href":"https:\/\/formalprision.com\/index.php?rest_route=%2Fwp%2Fv2%2Ftags&post=133740"}],"curies":[{"name":"wp","href":"https:\/\/api.w.org\/{rel}","templated":true}]}}