{"id":133745,"date":"2025-08-06T01:47:10","date_gmt":"2025-08-06T06:47:10","guid":{"rendered":"https:\/\/formalprision.com\/?p=133745"},"modified":"2025-08-06T11:17:03","modified_gmt":"2025-08-06T16:17:03","slug":"eeuu-no-pedira-pena-de-muerte-contra-caro-quintero-mayo-zambada-y-el-viceroy","status":"publish","type":"post","link":"https:\/\/formalprision.com\/?p=133745","title":{"rendered":"EEUU no pedir\u00e1 pena de muerte contra Caro Quintero, \u2018Mayo\u2019 Zambada y el Viceroy"},"content":{"rendered":"\n<p>Fiscales de Estados Unidos notificaron que no buscar\u00e1n la pena de muerte para los narcotraficantes mexicanos Ismael Mayo Zambada; Vicente Carrillo Fuentes, alias Viceroy, y Rafael Caro Quintero, quienes enfrentan juicios en la Uni\u00f3n Americana por delitos relacionados con el narcotr\u00e1fico.<\/p>\n\n\n\n<p>Lo anterior fue detallado por el fiscal del caso Joseph Nocella Jr. quien dirigi\u00f3 oficios a los jueces encargados del caso: Brian Cogan, Frederick Block y Joan M. Azrack.<\/p>\n\n\n\n<p>Ismael Mayo Zambada, de 77 a\u00f1os y detenido el 25 de julio de 2024 en EE.UU., est\u00e1 acusado de 17 cargos relacionados con el narcotr\u00e1fico, en un caso de \u201cgran complejidad\u201d -en palabras del juez encargado, Brian Cogan, que conden\u00f3 a Joaqu\u00edn Chapo Guzm\u00e1n- que podr\u00eda acarrearle incluso la pena de muerte si llega a juicio.<\/p>\n\n\n\n<p>Rafael Caro Quintero, l\u00edder del C\u00e1rtel de Guadalajara, y Carrillo Fuentes fueron entregados por el Gobierno de M\u00e9xico a Estados Unidos en una operaci\u00f3n realizada el 27 de febrero de 2025.<\/p>\n\n\n\n<p>A Caro Quintero se le acusa de dirigir una empresa criminal; conspiraci\u00f3n para asesinato -incluyendo el secuestro, la tortura y el homicidio del agente especial de la DEA Enrique Kiki Camarena en 1985-; m\u00e1s dos cargos de conspiraci\u00f3n para la distribuci\u00f3n internacional de narc\u00f3ticos y otro por uso ilegal de armas de fuego para promover el narcotr\u00e1fico.<\/p>\n\n\n\n<p>El Viceroy Carrillo Fuentes, quien fuera l\u00edder del C\u00e1rtel de Ju\u00e1rez tras la muerte de su hermano, Amado Carrillo Fuentes el Se\u00f1or de los Cielos, es se\u00f1alado en la Uni\u00f3n Americana por importaci\u00f3n y posesi\u00f3n con intenci\u00f3n de distribuir coca\u00edna y mariguana, conspiraci\u00f3n para asesinar testigos, homicidios cometidos para proteger la estructura criminal, entre otros.<\/p>\n","protected":false},"excerpt":{"rendered":"<p>Fiscales de Estados Unidos notificaron que no buscar\u00e1n la pena de muerte para los narcotraficantes mexicanos Ismael Mayo Zambada; Vicente Carrillo Fuentes, alias Viceroy, y Rafael Caro Quintero, quienes enfrentan<\/p>\n","protected":false},"author":1,"featured_media":133746,"comment_status":"open","ping_status":"open","sticky":false,"template":"","format":"standard","meta":{"jetpack_post_was_ever_published":false,"_jetpack_newsletter_access":"","_jetpack_dont_email_post_to_subs":false,"_jetpack_newsletter_tier_id":0,"_jetpack_memberships_contains_paywalled_content":false,"_jetpack_memberships_contains_paid_content":false,"footnotes":"","jetpack_publicize_message":"","jetpack_publicize_feature_enabled":true,"jetpack_social_post_already_shared":true,"jetpack_social_options":{"image_generator_settings":{"template":"highway","default_image_id":0,"font":"","enabled":false},"version":2}},"categories":[23],"tags":[],"class_list":["post-133745","post","type-post","status-publish","format-standard","has-post-thumbnail","hentry","category-del-mundo"],"jetpack_publicize_connections":[],"jetpack_featured_media_url":"https:\/\/formalprision.com\/wp-content\/uploads\/2025\/08\/FB_IMG_1754462618606.jpg","jetpack_sharing_enabled":true,"jetpack_shortlink":"https:\/\/wp.me\/p6id8p-yNb","_links":{"self":[{"href":"https:\/\/formalprision.com\/index.php?rest_route=\/wp\/v2\/posts\/133745","targetHints":{"allow":["GET"]}}],"collection":[{"href":"https:\/\/formalprision.com\/index.php?rest_route=\/wp\/v2\/posts"}],"about":[{"href":"https:\/\/formalprision.com\/index.php?rest_route=\/wp\/v2\/types\/post"}],"author":[{"embeddable":true,"href":"https:\/\/formalprision.com\/index.php?rest_route=\/wp\/v2\/users\/1"}],"replies":[{"embeddable":true,"href":"https:\/\/formalprision.com\/index.php?rest_route=%2Fwp%2Fv2%2Fcomments&post=133745"}],"version-history":[{"count":1,"href":"https:\/\/formalprision.com\/index.php?rest_route=\/wp\/v2\/posts\/133745\/revisions"}],"predecessor-version":[{"id":133747,"href":"https:\/\/formalprision.com\/index.php?rest_route=\/wp\/v2\/posts\/133745\/revisions\/133747"}],"wp:featuredmedia":[{"embeddable":true,"href":"https:\/\/formalprision.com\/index.php?rest_route=\/wp\/v2\/media\/133746"}],"wp:attachment":[{"href":"https:\/\/formalprision.com\/index.php?rest_route=%2Fwp%2Fv2%2Fmedia&parent=133745"}],"wp:term":[{"taxonomy":"category","embeddable":true,"href":"https:\/\/formalprision.com\/index.php?rest_route=%2Fwp%2Fv2%2Fcategories&post=133745"},{"taxonomy":"post_tag","embeddable":true,"href":"https:\/\/formalprision.com\/index.php?rest_route=%2Fwp%2Fv2%2Ftags&post=133745"}],"curies":[{"name":"wp","href":"https:\/\/api.w.org\/{rel}","templated":true}]}}