{"id":133748,"date":"2025-08-06T01:49:12","date_gmt":"2025-08-06T06:49:12","guid":{"rendered":"https:\/\/formalprision.com\/?p=133748"},"modified":"2025-08-06T01:49:12","modified_gmt":"2025-08-06T06:49:12","slug":"promueven-transformacion-energetica-con-justicia-social-para-yucatan","status":"publish","type":"post","link":"https:\/\/formalprision.com\/?p=133748","title":{"rendered":"Promueven transformaci\u00f3n energ\u00e9tica con justicia social para Yucat\u00e1n"},"content":{"rendered":"\n<p>M\u00e9rida Yucat\u00e1n, a 5 de agosto de 2025-El gobernador Joaqu\u00edn D\u00edaz Mena encabez\u00f3 el inicio de los Foros de Consulta para la creaci\u00f3n del Programa Especial de Bienestar Energ\u00e9tico, un plan integral que busca reducir desigualdades y atender a comunidades sin acceso pleno a energ\u00eda el\u00e9ctrica._<\/p>\n\n\n\n<p>Durante el evento, D\u00edaz Mena present\u00f3 la estrategia territorial \u201cAliados por la Energ\u00eda\u201d, con la que brigadas visitar\u00e1n escuelas, centros de salud, colonias populares y comunidades rurales para ofrecer orientaci\u00f3n t\u00e9cnica, distribuir kits de eficiencia energ\u00e9tica, instalar sistemas solares en edificios p\u00fablicos y otorgar becas.<\/p>\n\n\n\n<p>\u201cQueremos que la energ\u00eda deje de ser un privilegio y se convierta en un derecho. Esta estrategia se implementar\u00e1 con sentido de justicia y presencia territorial, priorizando a quienes hist\u00f3ricamente han sido excluidos de los beneficios energ\u00e9ticos\u201d, destac\u00f3.<\/p>\n\n\n\n<p>En el marco de los foros, el Gobierno del Estado, a trav\u00e9s de la Agencia de Energ\u00eda de Yucat\u00e1n (AEY), firm\u00f3 un convenio de colaboraci\u00f3n con el Centro Internacional de Excelencia para la Administraci\u00f3n Sostenible de Recursos (ICE-SMR), perteneciente a la ONU, para que dicho organismo eval\u00fae y certifique el Programa Especial de Bienestar Energ\u00e9tico conforme a los objetivos de la Agenda 2030.<\/p>\n","protected":false},"excerpt":{"rendered":"<p>M\u00e9rida Yucat\u00e1n, a 5 de agosto de 2025-El gobernador Joaqu\u00edn D\u00edaz Mena encabez\u00f3 el inicio de los Foros de Consulta para la creaci\u00f3n del Programa Especial de Bienestar Energ\u00e9tico, un<\/p>\n","protected":false},"author":1,"featured_media":133749,"comment_status":"open","ping_status":"open","sticky":false,"template":"","format":"standard","meta":{"jetpack_post_was_ever_published":false,"_jetpack_newsletter_access":"","_jetpack_dont_email_post_to_subs":false,"_jetpack_newsletter_tier_id":0,"_jetpack_memberships_contains_paywalled_content":false,"_jetpack_memberships_contains_paid_content":false,"footnotes":"","jetpack_publicize_message":"","jetpack_publicize_feature_enabled":true,"jetpack_social_post_already_shared":true,"jetpack_social_options":{"image_generator_settings":{"template":"highway","default_image_id":0,"font":"","enabled":false},"version":2}},"categories":[54],"tags":[],"class_list":["post-133748","post","type-post","status-publish","format-standard","has-post-thumbnail","hentry","category-yucatan"],"jetpack_publicize_connections":[],"jetpack_featured_media_url":"https:\/\/formalprision.com\/wp-content\/uploads\/2025\/08\/FB_IMG_1754462802362.jpg","jetpack_sharing_enabled":true,"jetpack_shortlink":"https:\/\/wp.me\/p6id8p-yNe","_links":{"self":[{"href":"https:\/\/formalprision.com\/index.php?rest_route=\/wp\/v2\/posts\/133748","targetHints":{"allow":["GET"]}}],"collection":[{"href":"https:\/\/formalprision.com\/index.php?rest_route=\/wp\/v2\/posts"}],"about":[{"href":"https:\/\/formalprision.com\/index.php?rest_route=\/wp\/v2\/types\/post"}],"author":[{"embeddable":true,"href":"https:\/\/formalprision.com\/index.php?rest_route=\/wp\/v2\/users\/1"}],"replies":[{"embeddable":true,"href":"https:\/\/formalprision.com\/index.php?rest_route=%2Fwp%2Fv2%2Fcomments&post=133748"}],"version-history":[{"count":1,"href":"https:\/\/formalprision.com\/index.php?rest_route=\/wp\/v2\/posts\/133748\/revisions"}],"predecessor-version":[{"id":133750,"href":"https:\/\/formalprision.com\/index.php?rest_route=\/wp\/v2\/posts\/133748\/revisions\/133750"}],"wp:featuredmedia":[{"embeddable":true,"href":"https:\/\/formalprision.com\/index.php?rest_route=\/wp\/v2\/media\/133749"}],"wp:attachment":[{"href":"https:\/\/formalprision.com\/index.php?rest_route=%2Fwp%2Fv2%2Fmedia&parent=133748"}],"wp:term":[{"taxonomy":"category","embeddable":true,"href":"https:\/\/formalprision.com\/index.php?rest_route=%2Fwp%2Fv2%2Fcategories&post=133748"},{"taxonomy":"post_tag","embeddable":true,"href":"https:\/\/formalprision.com\/index.php?rest_route=%2Fwp%2Fv2%2Ftags&post=133748"}],"curies":[{"name":"wp","href":"https:\/\/api.w.org\/{rel}","templated":true}]}}