{"id":133754,"date":"2025-08-06T01:53:42","date_gmt":"2025-08-06T06:53:42","guid":{"rendered":"https:\/\/formalprision.com\/?p=133754"},"modified":"2025-08-06T01:53:42","modified_gmt":"2025-08-06T06:53:42","slug":"abren-convocatorias-del-fondo-editorial-y-el-premio-de-poesia-merida-2025","status":"publish","type":"post","link":"https:\/\/formalprision.com\/?p=133754","title":{"rendered":"Abren convocatorias del Fondo Editorial y el Premio de Poes\u00eda M\u00e9rida 2025"},"content":{"rendered":"\n<p>M\u00e9rida, Yucat\u00e1n a martes 5 de agosto de 2025.- El Ayuntamiento de M\u00e9rida, a trav\u00e9s de la Direcci\u00f3n de Identidad y Cultura, abri\u00f3 sus convocatorias para el Fondo Editorial y el Premio Internacional de Poes\u00eda Ciudad de M\u00e9rida 2025, ambas con innovaciones que permitir\u00e1n a m\u00e1s escritoras y escritores de la comunidad art\u00edstica compartir obras in\u00e9ditas creativas.<\/p>\n\n\n\n<p>El Fondo Editorial est\u00e1 abierto a autores de M\u00e9rida y, por primera ocasi\u00f3n, tambi\u00e9n podr\u00e1n participar extranjeros que tengan residencia m\u00ednima de tres a\u00f1os en la ciudad, dio a conocer la directora de Identidad y Cultura, Karla Berr\u00f3n C\u00e1mara, al presentar las convocatorias ante representantes de los medios de comunicaci\u00f3n, en el Centro Cultural Jos\u00e9 Mart\u00ed.<\/p>\n\n\n\n<p>Asimismo, indic\u00f3 que los libros seleccionados tendr\u00e1n un tiraje de 500 ejemplares, -en a\u00f1os anteriores era de 300-, de los cuales el 25 por ciento le corresponder\u00e1 a la autora o autor, y tambi\u00e9n tendr\u00e1n su comercializaci\u00f3n en l\u00ednea y a trav\u00e9s de tiendas virtuales y Ebooks.<\/p>\n\n\n\n<p>Berr\u00f3n C\u00e1mara expuso que otra de las nuevas cl\u00e1usulas es que solo se admitir\u00e1n obras de autor\u00eda individual, no se aceptar\u00e1n compilaciones ni antolog\u00edas de varios autores. Expuso igual que para la Direcci\u00f3n de Identidad y Cultura es fundamental incentivar a las y los autores, darles oportunidad de mostrar su trabajo, validar su talento, que obtenga reconocimiento y se fomente tambi\u00e9n la escritura y la lectura. \u201cBuscamos que las obras tengan cada vez m\u00e1s calidad\u201d, indic\u00f3.<\/p>\n\n\n\n<p>Los trabajos pueden inscribirse en los g\u00e9neros de novela, cuento, poes\u00eda, cr\u00f3nica, ensayo, dramaturgia, periodismo cultural e investigaci\u00f3n literaria y de humanidades. Tambi\u00e9n est\u00e1n las categor\u00edas de literatura infantil y en lengua maya, esta \u00faltima que deber\u00e1 contar con su traducci\u00f3n al espa\u00f1ol. El premio a las personas ganadoras es la publicaci\u00f3n de su obra.<\/p>\n\n\n\n<p>En las \u00faltimas ediciones se ha trabajado las obras ganadoras con Libros del Marqu\u00e9s y la editorial Textofilia, Adem\u00e1s, muchas de las obras seleccionadas se han presentado en ferias nacionales como la FIL de Guadalajara, la FILEY, y eventos como el M\u00e9rida Fest y La Noche Blanca.<\/p>\n\n\n\n<p>Esta convocatoria es digital y entregar\u00e1 un premio \u00fanico de $70,000 pesos a la obra ganadora, la cual ser\u00e1 elegida por un jurado especializado en letras.<\/p>\n\n\n\n<p>Ambas convocatorias est\u00e1n abiertas a partir de hoy y en el sitio web www.merida.gob.mx\/convocatoriascultura se pueden consultar las bases.<\/p>\n\n\n\n<p>El Fondo Editorial cerrar\u00e1 hasta el 19 de septiembre y los resultados se dar\u00e1n a conocer a mediados de octubre. En el caso del Premio Internacional de Poes\u00eda cierra el 26 de septiembre y los resultados estar\u00e1n en noviembre. Ambos cert\u00e1menes entregar\u00e1n premios a sus ganadores en el a\u00f1o 2026, lo mismo que la publicaci\u00f3n de las obras.<\/p>\n","protected":false},"excerpt":{"rendered":"<p>M\u00e9rida, Yucat\u00e1n a martes 5 de agosto de 2025.- El Ayuntamiento de M\u00e9rida, a trav\u00e9s de la Direcci\u00f3n de Identidad y Cultura, abri\u00f3 sus convocatorias para el Fondo Editorial y<\/p>\n","protected":false},"author":1,"featured_media":133755,"comment_status":"open","ping_status":"open","sticky":false,"template":"","format":"standard","meta":{"jetpack_post_was_ever_published":false,"_jetpack_newsletter_access":"","_jetpack_dont_email_post_to_subs":false,"_jetpack_newsletter_tier_id":0,"_jetpack_memberships_contains_paywalled_content":false,"_jetpack_memberships_contains_paid_content":false,"footnotes":"","jetpack_publicize_message":"","jetpack_publicize_feature_enabled":true,"jetpack_social_post_already_shared":true,"jetpack_social_options":{"image_generator_settings":{"template":"highway","default_image_id":0,"font":"","enabled":false},"version":2}},"categories":[14],"tags":[],"class_list":["post-133754","post","type-post","status-publish","format-standard","has-post-thumbnail","hentry","category-merida"],"jetpack_publicize_connections":[],"jetpack_featured_media_url":"https:\/\/formalprision.com\/wp-content\/uploads\/2025\/08\/FB_IMG_1754463098727.jpg","jetpack_sharing_enabled":true,"jetpack_shortlink":"https:\/\/wp.me\/p6id8p-yNk","_links":{"self":[{"href":"https:\/\/formalprision.com\/index.php?rest_route=\/wp\/v2\/posts\/133754","targetHints":{"allow":["GET"]}}],"collection":[{"href":"https:\/\/formalprision.com\/index.php?rest_route=\/wp\/v2\/posts"}],"about":[{"href":"https:\/\/formalprision.com\/index.php?rest_route=\/wp\/v2\/types\/post"}],"author":[{"embeddable":true,"href":"https:\/\/formalprision.com\/index.php?rest_route=\/wp\/v2\/users\/1"}],"replies":[{"embeddable":true,"href":"https:\/\/formalprision.com\/index.php?rest_route=%2Fwp%2Fv2%2Fcomments&post=133754"}],"version-history":[{"count":1,"href":"https:\/\/formalprision.com\/index.php?rest_route=\/wp\/v2\/posts\/133754\/revisions"}],"predecessor-version":[{"id":133756,"href":"https:\/\/formalprision.com\/index.php?rest_route=\/wp\/v2\/posts\/133754\/revisions\/133756"}],"wp:featuredmedia":[{"embeddable":true,"href":"https:\/\/formalprision.com\/index.php?rest_route=\/wp\/v2\/media\/133755"}],"wp:attachment":[{"href":"https:\/\/formalprision.com\/index.php?rest_route=%2Fwp%2Fv2%2Fmedia&parent=133754"}],"wp:term":[{"taxonomy":"category","embeddable":true,"href":"https:\/\/formalprision.com\/index.php?rest_route=%2Fwp%2Fv2%2Fcategories&post=133754"},{"taxonomy":"post_tag","embeddable":true,"href":"https:\/\/formalprision.com\/index.php?rest_route=%2Fwp%2Fv2%2Ftags&post=133754"}],"curies":[{"name":"wp","href":"https:\/\/api.w.org\/{rel}","templated":true}]}}