{"id":134562,"date":"2025-09-05T18:14:38","date_gmt":"2025-09-05T23:14:38","guid":{"rendered":"https:\/\/formalprision.com\/?p=134562"},"modified":"2025-09-05T21:26:48","modified_gmt":"2025-09-06T02:26:48","slug":"fortalecemos-la-infraestructura-turistica-para-impulsar-la-economia-de-la-gente-cecilia-patron","status":"publish","type":"post","link":"https:\/\/formalprision.com\/?p=134562","title":{"rendered":"El Ayuntamiento estrena m\u00f3dulo de tnformaci\u00f3n tur\u00edstica en el Parque de la Plancha."},"content":{"rendered":"\n<p>M\u00c9RIDA, Yucat\u00e1n.- Para fortalecer la infraestructura tur\u00edstica e impulsar la econom\u00eda y prosperidad de las y los meridanos, la presidenta municipal Cecilia Patr\u00f3n Laviada inaugur\u00f3 un nuevo m\u00f3dulo de informaci\u00f3n tur\u00edstica en el Parque de la Plancha.<\/p>\n\n\n\n<p>\u201cEste espacio, para el que nos dieron un lugar estelar, conlleva el respeto a nuestra identidad, que ha sido clave para consolidarnos como una ciudad \u00fanica, que sigue creciendo como destino tur\u00edstico\u201d, afirm\u00f3 la alcaldesa.<\/p>\n\n\n\n<p>Agradeci\u00f3 a Grupo Mundo Maya la respuesta a las gestiones de la Secretar\u00eda T\u00e9cnica de Turismo, que encabeza Armando Casares Espinosa, para la instalaci\u00f3n del m\u00f3dulo.<\/p>\n\n\n\n<p>\u201cLa importancia de impulsar acciones que fortalezcan este sector es que genera empleo para las y los meridanos, y siempre buscaremos que la riqueza se distribuya con justicia social, para que nadie se nos quede atr\u00e1s\u201d, indic\u00f3 la mun\u00edcipe.<\/p>\n\n\n\n<p>El Parque de la Plancha conecta con el Corredor Tur\u00edstico y Gastron\u00f3mico de la ciudad permitiendo una mayor afluencia para el turismo local y extranjero, por lo que se requiere mejores espacios que brinden atenci\u00f3n de calidad y calidez para los visitantes.<\/p>\n\n\n\n<p>Con este nuevo m\u00f3dulo se ejerce un punto de contacto directo con quienes vienen a disfrutar de la ciudad, una acci\u00f3n que forma parte de la estrategia de desarrollo de nuevos espacios p\u00fablicos que promueven el esparcimiento, la cultura y el turismo en la ciudad.<\/p>\n\n\n\n<p>En este sentido fortalecer\u00e1 la experiencia del visitante mediante la oferta de servicios de orientaci\u00f3n personalizada, distribuci\u00f3n de materiales informativos, y promoci\u00f3n de los atractivos tur\u00edsticos de M\u00e9rida y sus alrededores.<\/p>\n\n\n\n<p>Operar\u00e1 de lunes a viernes de 16:00 a 22:00 horas, y s\u00e1bados y domingos de 8:00 a 22:00 horas.<\/p>\n\n\n\n<p>Adem\u00e1s, la alcaldesa entreg\u00f3 uniformes a 13 gu\u00edas tur\u00edsticos certificados particulares, para que puedan distinguirse ante la comunidad y con los visitantes.<\/p>\n\n\n\n<p>El Ayuntamiento de M\u00e9rida cuenta con 10 promotores en el Centro Hist\u00f3rico de la ciudad, en otros tres m\u00f3dulos abiertos al p\u00fablico ubicados en los bajos del Centro Cultural Olimpo, en Paseo de Montejo y un m\u00f3dulo m\u00f3vil en la estaci\u00f3n del ADO en el centro, que atienden unos 4 mil visitantes en temporada baja y 6 mil en temporada alta.<\/p>\n\n\n\n<p>Otro de los proyectos para generar desarrollo econ\u00f3mico con el turismo es M\u00e9rida Comunitaria, en la que las comisar\u00edas como Molas y Xcuny\u00e1 cuentan con rutas de experiencia para que la gente que visita el municipio viva, disfrute y se encante con la gastronom\u00eda, hospitalidad, el entorno de nuestra selva maya, as\u00ed como de la fauna que hace \u00fanica y distinguible a M\u00e9rida.<\/p>\n\n\n\n<p>\u201cCon todo esto buscamos ofrecer experiencias que transporten a lugares maravillosos y den felicidad. Y definitivamente quienes conozcan a la chula quedan perdidamente enamorados como estamos nosotros, de esta ciudad a la que amamos tanto\u201d, expres\u00f3 Cecilia Patr\u00f3n.<\/p>\n\n\n\n<p>En el evento tambi\u00e9n estuvieron presentes Mario Cardentti D\u00edaz, director de Administraci\u00f3n de Parques y Espacios Culturales del Grupo Mundo Maya; Mar\u00eda Cristina Castillo Espinosa, s\u00edndica municipal y presidenta de la Comisi\u00f3n de Turismo; Flora Helena Zapata Mendiolea, coordinadora General de Justicia Social y Desarrollo Humano; Norb\u00e9 Pacheco M\u00e9ndez, promotora Tur\u00edstica y Reina Etelvina Guti\u00e9rrez Dula, representante de Gu\u00edas de Turistas.<\/p>\n","protected":false},"excerpt":{"rendered":"<p>M\u00c9RIDA, Yucat\u00e1n.- Para fortalecer la infraestructura tur\u00edstica e impulsar la econom\u00eda y prosperidad de las y los meridanos, la presidenta municipal Cecilia Patr\u00f3n Laviada inaugur\u00f3 un nuevo m\u00f3dulo de informaci\u00f3n<\/p>\n","protected":false},"author":2,"featured_media":134564,"comment_status":"open","ping_status":"open","sticky":false,"template":"","format":"standard","meta":{"jetpack_post_was_ever_published":false,"_jetpack_newsletter_access":"","_jetpack_dont_email_post_to_subs":false,"_jetpack_newsletter_tier_id":0,"_jetpack_memberships_contains_paywalled_content":false,"_jetpack_memberships_contains_paid_content":false,"footnotes":"","jetpack_publicize_message":"","jetpack_publicize_feature_enabled":true,"jetpack_social_post_already_shared":true,"jetpack_social_options":{"image_generator_settings":{"template":"highway","default_image_id":0,"font":"","enabled":false},"version":2}},"categories":[54],"tags":[],"class_list":["post-134562","post","type-post","status-publish","format-standard","has-post-thumbnail","hentry","category-yucatan"],"jetpack_publicize_connections":[],"jetpack_featured_media_url":"https:\/\/formalprision.com\/wp-content\/uploads\/2025\/09\/WhatsApp-Image-2025-09-05-at-3.47.34-PM.jpeg","jetpack_sharing_enabled":true,"jetpack_shortlink":"https:\/\/wp.me\/p6id8p-z0m","_links":{"self":[{"href":"https:\/\/formalprision.com\/index.php?rest_route=\/wp\/v2\/posts\/134562","targetHints":{"allow":["GET"]}}],"collection":[{"href":"https:\/\/formalprision.com\/index.php?rest_route=\/wp\/v2\/posts"}],"about":[{"href":"https:\/\/formalprision.com\/index.php?rest_route=\/wp\/v2\/types\/post"}],"author":[{"embeddable":true,"href":"https:\/\/formalprision.com\/index.php?rest_route=\/wp\/v2\/users\/2"}],"replies":[{"embeddable":true,"href":"https:\/\/formalprision.com\/index.php?rest_route=%2Fwp%2Fv2%2Fcomments&post=134562"}],"version-history":[{"count":3,"href":"https:\/\/formalprision.com\/index.php?rest_route=\/wp\/v2\/posts\/134562\/revisions"}],"predecessor-version":[{"id":134571,"href":"https:\/\/formalprision.com\/index.php?rest_route=\/wp\/v2\/posts\/134562\/revisions\/134571"}],"wp:featuredmedia":[{"embeddable":true,"href":"https:\/\/formalprision.com\/index.php?rest_route=\/wp\/v2\/media\/134564"}],"wp:attachment":[{"href":"https:\/\/formalprision.com\/index.php?rest_route=%2Fwp%2Fv2%2Fmedia&parent=134562"}],"wp:term":[{"taxonomy":"category","embeddable":true,"href":"https:\/\/formalprision.com\/index.php?rest_route=%2Fwp%2Fv2%2Fcategories&post=134562"},{"taxonomy":"post_tag","embeddable":true,"href":"https:\/\/formalprision.com\/index.php?rest_route=%2Fwp%2Fv2%2Ftags&post=134562"}],"curies":[{"name":"wp","href":"https:\/\/api.w.org\/{rel}","templated":true}]}}