{"id":134638,"date":"2025-09-08T14:12:07","date_gmt":"2025-09-08T19:12:07","guid":{"rendered":"https:\/\/formalprision.com\/?p=134638"},"modified":"2025-09-08T14:12:07","modified_gmt":"2025-09-08T19:12:07","slug":"cecilia-patron-desayuna-en-el-mercado-de-santa-ana-con-jovenes-que-estudiaran-en-portugal","status":"publish","type":"post","link":"https:\/\/formalprision.com\/?p=134638","title":{"rendered":"Cecilia Patr\u00f3n desayuna en el mercado de Santa Ana con j\u00f3venes que estudiar\u00e1n en Portugal"},"content":{"rendered":"\n<p>M\u00c9RIDA, Yucat\u00e1n.- En un desayuno regional en el mercado de Santa Ana, la presidenta municipal Cecilia Patr\u00f3n Laviada dese\u00f3 \u00e9xito a los j\u00f3venes meridanos que estudiar\u00e1n gastronom\u00eda becados durante tres a\u00f1os en la Escuela Profesional Esprodouro de S\u00e3o Jo\u00e3o da Pesqueira, Portugal.<\/p>\n\n\n\n<p>\u201cSon ejemplo del talento, disciplina y determinaci\u00f3n que caracteriza a nuestra juventud y agradezco su esfuerzo y dedicaci\u00f3n. Hoy emprenden un nuevo camino que los llevar\u00e1 hasta Portugal, donde tendr\u00e1n la oportunidad de seguir creciendo acad\u00e9mica y personalmente\u201d, expres\u00f3 la alcaldesa.<\/p>\n\n\n\n<p>Los alumnos beneficiados son Valentina Mendoza C\u00e1rdenas, Eva Sof\u00eda \u00c1vila P\u00e9rez, B\u00e1rbara Romina Lope Turriza, Mar\u00eda Libertad Garc\u00eda Meneses, Jos\u00e9 Fabi\u00e1n Alegr\u00eda Alpuche, Aim\u00e9 L\u00f3pez Flores, Susana del Consuelo Cruz Uc, Valentina Garma Fern\u00e1ndez y Jorge Ren\u00e9 Fern\u00e1ndez Ram\u00edrez.<\/p>\n\n\n\n<p>Desde el Ayuntamiento se&nbsp;impulsa a la juventud con acciones concretas y programas como el voluntariado M\u00e9rida me Motiva, Alcaldesa en tu Escuela, Mi Primer Cr\u00e9dito, Becas de Excelencia y para cursos proped\u00e9uticos, cursos y espacios para nuevas habilidades, as\u00ed como el Cabildo Juvenil, por mencionar algunos.<\/p>\n\n\n\n<p>\u201cNuestro estilo de gobernar, ve en la educaci\u00f3n la mejor herramienta para que las y los j\u00f3venes puedan lograr sus metas y se conviertan en profesionales que mejoren, no solo su calidad de vida, sino que sumen sus talentos a M\u00e9rida y Yucat\u00e1n\u201d, mencion\u00f3.<\/p>\n\n\n\n<p>Los becarios estudiar\u00e1n las carreras de T\u00e9cnico Profesional en Gastronom\u00eda y Reposter\u00eda y T\u00e9cnico Profesional en Restaurante\/Bar. Las clases iniciar\u00e1n el 15 de septiembre.<\/p>\n\n\n\n<p>La beca ofrece una amplia gama de beneficios que incluyen matr\u00edcula y colegiaturas, alojamiento y alimentaci\u00f3n, transporte diario hacia la escuela, equipo y uniforme para clases pr\u00e1cticas, oportunidades de pr\u00e1cticas profesionales remuneradas y clases de portugu\u00e9s.<\/p>\n\n\n\n<p>El Ayuntamiento de M\u00e9rida ha asumido costos adicionales como traslados en CDMX para tramitar visas, apostillado de documentos y traslados M\u00e9rida-Canc\u00fan y en Madrid asegurando que los becados cuenten con todo lo necesario para su formaci\u00f3n acad\u00e9mica y profesional en Portugal.<\/p>\n","protected":false},"excerpt":{"rendered":"<p>M\u00c9RIDA, Yucat\u00e1n.- En un desayuno regional en el mercado de Santa Ana, la presidenta municipal Cecilia Patr\u00f3n Laviada dese\u00f3 \u00e9xito a los j\u00f3venes meridanos que estudiar\u00e1n gastronom\u00eda becados durante tres<\/p>\n","protected":false},"author":2,"featured_media":134640,"comment_status":"open","ping_status":"open","sticky":false,"template":"","format":"standard","meta":{"jetpack_post_was_ever_published":false,"_jetpack_newsletter_access":"","_jetpack_dont_email_post_to_subs":false,"_jetpack_newsletter_tier_id":0,"_jetpack_memberships_contains_paywalled_content":false,"_jetpack_memberships_contains_paid_content":false,"footnotes":"","jetpack_publicize_message":"","jetpack_publicize_feature_enabled":true,"jetpack_social_post_already_shared":true,"jetpack_social_options":{"image_generator_settings":{"template":"highway","default_image_id":0,"font":"","enabled":false},"version":2}},"categories":[14],"tags":[],"class_list":["post-134638","post","type-post","status-publish","format-standard","has-post-thumbnail","hentry","category-merida"],"jetpack_publicize_connections":[],"jetpack_featured_media_url":"https:\/\/formalprision.com\/wp-content\/uploads\/2025\/09\/WhatsApp-Image-2025-09-08-at-12.45.04-PM.jpeg","jetpack_sharing_enabled":true,"jetpack_shortlink":"https:\/\/wp.me\/p6id8p-z1A","_links":{"self":[{"href":"https:\/\/formalprision.com\/index.php?rest_route=\/wp\/v2\/posts\/134638","targetHints":{"allow":["GET"]}}],"collection":[{"href":"https:\/\/formalprision.com\/index.php?rest_route=\/wp\/v2\/posts"}],"about":[{"href":"https:\/\/formalprision.com\/index.php?rest_route=\/wp\/v2\/types\/post"}],"author":[{"embeddable":true,"href":"https:\/\/formalprision.com\/index.php?rest_route=\/wp\/v2\/users\/2"}],"replies":[{"embeddable":true,"href":"https:\/\/formalprision.com\/index.php?rest_route=%2Fwp%2Fv2%2Fcomments&post=134638"}],"version-history":[{"count":1,"href":"https:\/\/formalprision.com\/index.php?rest_route=\/wp\/v2\/posts\/134638\/revisions"}],"predecessor-version":[{"id":134639,"href":"https:\/\/formalprision.com\/index.php?rest_route=\/wp\/v2\/posts\/134638\/revisions\/134639"}],"wp:featuredmedia":[{"embeddable":true,"href":"https:\/\/formalprision.com\/index.php?rest_route=\/wp\/v2\/media\/134640"}],"wp:attachment":[{"href":"https:\/\/formalprision.com\/index.php?rest_route=%2Fwp%2Fv2%2Fmedia&parent=134638"}],"wp:term":[{"taxonomy":"category","embeddable":true,"href":"https:\/\/formalprision.com\/index.php?rest_route=%2Fwp%2Fv2%2Fcategories&post=134638"},{"taxonomy":"post_tag","embeddable":true,"href":"https:\/\/formalprision.com\/index.php?rest_route=%2Fwp%2Fv2%2Ftags&post=134638"}],"curies":[{"name":"wp","href":"https:\/\/api.w.org\/{rel}","templated":true}]}}