{"id":134641,"date":"2025-09-08T17:42:47","date_gmt":"2025-09-08T22:42:47","guid":{"rendered":"https:\/\/formalprision.com\/?p=134641"},"modified":"2025-09-08T19:47:29","modified_gmt":"2025-09-09T00:47:29","slug":"merida-tiene-un-sistema-de-cuidados-para-cada-sector-aqui-nadie-esta-solo-cecilia-patron","status":"publish","type":"post","link":"https:\/\/formalprision.com\/?p=134641","title":{"rendered":"M\u00e9rida tiene un sistema de cuidados para cada sector. Aqu\u00ed, nadie est\u00e1 solo: Cecilia Patr\u00f3n"},"content":{"rendered":"\n<p>M\u00c9RIDA, Yucat\u00e1n.- El Ayuntamiento de M\u00e9rida a trav\u00e9s del programa \u201cM\u00e9rida te Cuida\u201d impulsa una estrategia integral para fomentar el bienestar y la salud emocional de las familias meridanas y de esta manera seguir construyendo comunidades m\u00e1s saludables, destac\u00f3 la presidenta municipal Cecilia Patr\u00f3n Laviada durante su reuni\u00f3n semanal con los medios de comunicaci\u00f3n.<\/p>\n\n\n\n<p>Dicha estrategia, se\u00f1al\u00f3, se fundamenta en ocho ejes clave para construir una comunidad m\u00e1s saludable y segura para ni\u00f1as, ni\u00f1os, j\u00f3venes y personas vulnerables: el desarrollo de habilidades ciudadanas y humanas, el fortalecimiento de familias, el aprovechamiento del tiempo libre, el impulso al desarrollo comunitario, la promoci\u00f3n de la prosperidad y el empleo, la garant\u00eda de vivienda digna, la inclusi\u00f3n y el desarrollo social, as\u00ed como la seguridad, justicia y legalidad.<\/p>\n\n\n\n<p>\u201cPonemos al centro el desarrollo y bienestar de la comunidad para mejorar nuestra ciudad, entendiendo que la comunidad es la que hace que haya fuerza, que haya paz social, es muy, muy importante\u201d.<\/p>\n\n\n\n<p>Bajo ese contexto, la alcaldesa inform\u00f3 que el Ayuntamiento impulsa diversas acciones a trav\u00e9s de la direcci\u00f3n de Bienestar Humano y la Secretaria de Participaci\u00f3n y Atenci\u00f3n Ciudadana, con el objetivo de fortalecer el n\u00facleo familiar, prevenir las adicciones y cuidar la salud mental principalmente de las ni\u00f1as, ni\u00f1os y j\u00f3venes.<\/p>\n\n\n\n<p>Inform\u00f3 que se llevar\u00e1 a cabo el segundo Laboratorio de Innovaci\u00f3n Social, que en esta ocasi\u00f3n se enfocar\u00e1 en la b\u00fasqueda de soluciones y acciones para la prevenci\u00f3n de adicciones con la participaci\u00f3n de 100 j\u00f3venes de M\u00e9rida y sus comisar\u00edas, de entre 18 y 29 a\u00f1os. El registro est\u00e1 abierto hasta el 6 de octubre mediante la plataforma decide.merida.gob.mx y la actividad se desarrollar\u00e1 durante 12 horas a partir del 14 de octubre.<\/p>\n\n\n\n<p>Cabe destacar que en la edici\u00f3n anterior la tem\u00e1tica principal fue la salud mental de lo que result\u00f3 la implementaci\u00f3n de la Ruta de la Salud Mental, que llevar\u00e1 atenci\u00f3n a las colonias y comisar\u00edas. \u201cHablar, escuchar y mantenerlos activos es la base para que las personas puedan estar bien y tener una comunidad m\u00e1s sana y m\u00e1s segura\u201d, se\u00f1al\u00f3 la presidenta municipal.<\/p>\n\n\n\n<p>Como complemento a estas acciones, con las Ferias M\u00e9rida te Cuida, se han atendido m\u00e1s de 2 mil personas en cuatro ediciones, llevando actividades recreativas y culturales para fortalecer el tejido social.<\/p>\n\n\n\n<p>Cecilia coment\u00f3 que mediante el programa D.A.R.E. se trabaja en la prevenci\u00f3n de adicciones para la comunidad. M\u00e1s de 38 mil estudiantes han sido beneficiados con acciones para la resistencia y toma de decisi\u00f3n ante la presi\u00f3n por el consumo de sustancias il\u00edcitas y conductas de riesgo.<\/p>\n\n\n\n<p>Adem\u00e1s, con el programa Vecinos Vigilantes, m\u00e1s de 2 mil voluntarios ayudan a mantener la seguridad y paz de las familias en 283 colonias y 41 comisar\u00edas.<\/p>\n\n\n\n<p>\u201cEstamos atentos a los grupos y zonas vulnerables. Se acercan a las comunidades, a nuestras ni\u00f1as y ni\u00f1os, buscan al popular, le dan drogas gratis para que inviten a otros a consumir. Por eso es muy importante que trabajemos con la comunidad educativa a trav\u00e9s de varios programas, que involucren el tema con las juventudes y el acceso a las drogas\u201d, recalc\u00f3.<\/p>\n\n\n\n<p>Conjuntamente, los Centros Alma Nova adscritos a la direcci\u00f3n de Bienestar Humano brindan atenci\u00f3n y apoyo psicol\u00f3gico y terapias grupales sin costo para todas y todos los habitantes del municipio. Est\u00e1n distribuidos de manera estrat\u00e9gica en cuatro puntos de la ciudad ofreciendo servicios de prevenci\u00f3n, detecci\u00f3n temprana, atenci\u00f3n sicol\u00f3gica y seguimiento, trabajando en colaboraci\u00f3n con instituciones como el Hospital Psiqui\u00e1trico y formando parte del Consejo Estatal para Prevenci\u00f3n y Atenci\u00f3n Integral de las Adicciones.<\/p>\n\n\n\n<p>Finalmente, la alcaldesa dio a conocer la convocatoria para participar en la tercera edici\u00f3n del programa \u201cReto por tu Bienestar\u201d que inicia el pr\u00f3ximo 22 de septiembre. Los participantes trabajar\u00e1n durante dos meses y medio en tres \u00e1reas fundamentales: la salud f\u00edsica, mental y nutricional.<\/p>\n\n\n\n<p>El registro se llevar\u00e1 a cabo del 8 al 12 de septiembre de 9 a 15 horas en el Centro de Atenci\u00f3n Nutricional y Diabetes ubicado en las instalaciones del DIF municipal en calle 59 por 66 n\u00famero 537, en el Centro.<\/p>\n\n\n\n<p>Para m\u00e1s informaci\u00f3n sobre los programas y convocatorias se puede visitar merida.gob.mx y en las redes sociales del Ayuntamiento de M\u00e9rida.<\/p>\n","protected":false},"excerpt":{"rendered":"<p>M\u00c9RIDA, Yucat\u00e1n.- El Ayuntamiento de M\u00e9rida a trav\u00e9s del programa \u201cM\u00e9rida te Cuida\u201d impulsa una estrategia integral para fomentar el bienestar y la salud emocional de las familias meridanas y<\/p>\n","protected":false},"author":2,"featured_media":134643,"comment_status":"open","ping_status":"open","sticky":false,"template":"","format":"standard","meta":{"jetpack_post_was_ever_published":false,"_jetpack_newsletter_access":"","_jetpack_dont_email_post_to_subs":false,"_jetpack_newsletter_tier_id":0,"_jetpack_memberships_contains_paywalled_content":false,"_jetpack_memberships_contains_paid_content":false,"footnotes":"","jetpack_publicize_message":"","jetpack_publicize_feature_enabled":true,"jetpack_social_post_already_shared":true,"jetpack_social_options":{"image_generator_settings":{"template":"highway","default_image_id":0,"font":"","enabled":false},"version":2}},"categories":[54],"tags":[],"class_list":["post-134641","post","type-post","status-publish","format-standard","has-post-thumbnail","hentry","category-yucatan"],"jetpack_publicize_connections":[],"jetpack_featured_media_url":"https:\/\/formalprision.com\/wp-content\/uploads\/2025\/09\/WhatsApp-Image-2025-09-08-at-3.55.23-PM.jpeg","jetpack_sharing_enabled":true,"jetpack_shortlink":"https:\/\/wp.me\/p6id8p-z1D","_links":{"self":[{"href":"https:\/\/formalprision.com\/index.php?rest_route=\/wp\/v2\/posts\/134641","targetHints":{"allow":["GET"]}}],"collection":[{"href":"https:\/\/formalprision.com\/index.php?rest_route=\/wp\/v2\/posts"}],"about":[{"href":"https:\/\/formalprision.com\/index.php?rest_route=\/wp\/v2\/types\/post"}],"author":[{"embeddable":true,"href":"https:\/\/formalprision.com\/index.php?rest_route=\/wp\/v2\/users\/2"}],"replies":[{"embeddable":true,"href":"https:\/\/formalprision.com\/index.php?rest_route=%2Fwp%2Fv2%2Fcomments&post=134641"}],"version-history":[{"count":1,"href":"https:\/\/formalprision.com\/index.php?rest_route=\/wp\/v2\/posts\/134641\/revisions"}],"predecessor-version":[{"id":134642,"href":"https:\/\/formalprision.com\/index.php?rest_route=\/wp\/v2\/posts\/134641\/revisions\/134642"}],"wp:featuredmedia":[{"embeddable":true,"href":"https:\/\/formalprision.com\/index.php?rest_route=\/wp\/v2\/media\/134643"}],"wp:attachment":[{"href":"https:\/\/formalprision.com\/index.php?rest_route=%2Fwp%2Fv2%2Fmedia&parent=134641"}],"wp:term":[{"taxonomy":"category","embeddable":true,"href":"https:\/\/formalprision.com\/index.php?rest_route=%2Fwp%2Fv2%2Fcategories&post=134641"},{"taxonomy":"post_tag","embeddable":true,"href":"https:\/\/formalprision.com\/index.php?rest_route=%2Fwp%2Fv2%2Ftags&post=134641"}],"curies":[{"name":"wp","href":"https:\/\/api.w.org\/{rel}","templated":true}]}}