{"id":134648,"date":"2025-09-08T20:14:48","date_gmt":"2025-09-09T01:14:48","guid":{"rendered":"https:\/\/formalprision.com\/?p=134648"},"modified":"2025-09-09T11:25:12","modified_gmt":"2025-09-09T16:25:12","slug":"celebran-al-pasajero-10-millones-de-viva-aerobus-en-yucatan-y-anuncian-vuelo-directo-a-los-angeles","status":"publish","type":"post","link":"https:\/\/formalprision.com\/?p=134648","title":{"rendered":"Celebran al pasajero 10 millones de Viva Aerob\u00fas en Yucat\u00e1n y anuncian vuelo directo a Los \u00c1ngeles"},"content":{"rendered":"\n<p><br>\u00a0M\u00e9rida, Yucat\u00e1n, a 8 de septiembre de 2025.-Yucat\u00e1n consolida su posici\u00f3n como un hub estrat\u00e9gico del turismo y los negocios en el sureste mexicano, al celebrar el arribo del pasajero n\u00famero 10 millones de Viva Aerob\u00fas en el Aeropuerto Internacional de M\u00e9rida y anunciar el regreso de la ruta a\u00e9rea directa M\u00e9rida\u2013Los \u00c1ngeles para la temporada de invierno 2025\u20132026.<br>\u00a0<br>En presencia de Adri\u00e1n Altamirano, pasajero n\u00famero 10 millones del vuelo 4282 de Viva Aerob\u00fas, proveniente de Monterrey, el gobernador Joaqu\u00edn D\u00edaz Mena afirm\u00f3 que este hecho representa un momento hist\u00f3rico para la aviaci\u00f3n comercial en el estado, ya que confirma que Yucat\u00e1n contin\u00faa posicion\u00e1ndose como uno de los destinos tur\u00edsticos con mayor demanda.<br>\u00a0<br>D\u00edaz Mena se\u00f1al\u00f3 que la entidad se ha consolidado como un hub estrat\u00e9gico de desarrollo y conectividad internacional, gracias al trabajo coordinado entre el Gobierno del Estado, los Ayuntamientos, la sociedad civil, y al respaldo de la Presidenta Claudia Sheinbaum Pardo, as\u00ed como a la confianza del sector privado.<br>\u00a0<br>En su intervenci\u00f3n, el director regional del Grupo Aeroportuario del Sureste (ASUR), H\u00e9ctor Navarrete Mu\u00f1oz, destac\u00f3 que Viva Aerob\u00fas inici\u00f3 operaciones en M\u00e9rida en marzo de 2007, y a lo largo de 18 a\u00f1os ha desempe\u00f1ado un papel fundamental en el crecimiento del Aeropuerto Internacional de M\u00e9rida.<br>\u00a0<\/p>\n","protected":false},"excerpt":{"rendered":"<p>\u00a0M\u00e9rida, Yucat\u00e1n, a 8 de septiembre de 2025.-Yucat\u00e1n consolida su posici\u00f3n como un hub estrat\u00e9gico del turismo y los negocios en el sureste mexicano, al celebrar el arribo del pasajero<\/p>\n","protected":false},"author":1,"featured_media":134649,"comment_status":"open","ping_status":"open","sticky":false,"template":"","format":"standard","meta":{"jetpack_post_was_ever_published":false,"_jetpack_newsletter_access":"","_jetpack_dont_email_post_to_subs":false,"_jetpack_newsletter_tier_id":0,"_jetpack_memberships_contains_paywalled_content":false,"_jetpack_memberships_contains_paid_content":false,"footnotes":"","jetpack_publicize_message":"","jetpack_publicize_feature_enabled":true,"jetpack_social_post_already_shared":true,"jetpack_social_options":{"image_generator_settings":{"template":"highway","default_image_id":0,"font":"","enabled":false},"version":2}},"categories":[54],"tags":[],"class_list":["post-134648","post","type-post","status-publish","format-standard","has-post-thumbnail","hentry","category-yucatan"],"jetpack_publicize_connections":[],"jetpack_featured_media_url":"https:\/\/formalprision.com\/wp-content\/uploads\/2025\/09\/IMG-20250908-WA0094.jpg","jetpack_sharing_enabled":true,"jetpack_shortlink":"https:\/\/wp.me\/p6id8p-z1K","_links":{"self":[{"href":"https:\/\/formalprision.com\/index.php?rest_route=\/wp\/v2\/posts\/134648","targetHints":{"allow":["GET"]}}],"collection":[{"href":"https:\/\/formalprision.com\/index.php?rest_route=\/wp\/v2\/posts"}],"about":[{"href":"https:\/\/formalprision.com\/index.php?rest_route=\/wp\/v2\/types\/post"}],"author":[{"embeddable":true,"href":"https:\/\/formalprision.com\/index.php?rest_route=\/wp\/v2\/users\/1"}],"replies":[{"embeddable":true,"href":"https:\/\/formalprision.com\/index.php?rest_route=%2Fwp%2Fv2%2Fcomments&post=134648"}],"version-history":[{"count":1,"href":"https:\/\/formalprision.com\/index.php?rest_route=\/wp\/v2\/posts\/134648\/revisions"}],"predecessor-version":[{"id":134650,"href":"https:\/\/formalprision.com\/index.php?rest_route=\/wp\/v2\/posts\/134648\/revisions\/134650"}],"wp:featuredmedia":[{"embeddable":true,"href":"https:\/\/formalprision.com\/index.php?rest_route=\/wp\/v2\/media\/134649"}],"wp:attachment":[{"href":"https:\/\/formalprision.com\/index.php?rest_route=%2Fwp%2Fv2%2Fmedia&parent=134648"}],"wp:term":[{"taxonomy":"category","embeddable":true,"href":"https:\/\/formalprision.com\/index.php?rest_route=%2Fwp%2Fv2%2Fcategories&post=134648"},{"taxonomy":"post_tag","embeddable":true,"href":"https:\/\/formalprision.com\/index.php?rest_route=%2Fwp%2Fv2%2Ftags&post=134648"}],"curies":[{"name":"wp","href":"https:\/\/api.w.org\/{rel}","templated":true}]}}