{"id":134651,"date":"2025-09-08T21:15:20","date_gmt":"2025-09-09T02:15:20","guid":{"rendered":"https:\/\/formalprision.com\/?p=134651"},"modified":"2025-09-09T11:25:00","modified_gmt":"2025-09-09T16:25:00","slug":"le-cumplimos-a-merida-con-mejores-espacios-deportivos-cecilia-patron","status":"publish","type":"post","link":"https:\/\/formalprision.com\/?p=134651","title":{"rendered":"Le cumplimos a M\u00e9rida con mejores espacios deportivos: Cecilia Patr\u00f3n"},"content":{"rendered":"\n<p>M\u00c9RIDA, Yucat\u00e1n.- Para ofrecer espacios funcionales y seguros que dignifiquen la vida de las familias meridanas, la presidenta municipal Cecilia Patr\u00f3n Laviada entreg\u00f3 los trabajos de rehabilitaci\u00f3n de la Unidad Deportiva de la Colonia Boj\u00f3rquez.<\/p>\n\n\n\n<p>\u201cEsta es la forma en la que cuidamos de M\u00e9rida, con hechos y no s\u00f3lo con palabras\u00bb, afirm\u00f3 Cecilia. \u201cCon esta obra, el Ayuntamiento de M\u00e9rida hace justicia social y brinda un lugar adecuado para que meridanas y meridanos puedan practicar deporte, convivir y divertirse\u201d.<\/p>\n\n\n\n<p>Acompa\u00f1ada de vecinas y vecinos de la zona y representantes de los equipos Diablitos y Lobos de la Boj\u00f3rquez, la alcaldesa destac\u00f3 que este espacio, gracias al compromiso de la administraci\u00f3n municipal que escucha y atiende, hoy es un lugar m\u00e1s digno y seguro para las familias meridanas.<\/p>\n\n\n\n<p>La edil record\u00f3 que la nueva forma de gobernar la ciudad es justa y cercana, porque lo que se dice, se hace. \u00abInvertimos casi 8 millones de pesos en esta obra que impacta de manera positiva en el bienestar de nuestra gente, en su salud, en su derecho a tener una mejor ciudad\u00bb, se\u00f1al\u00f3.<\/p>\n\n\n\n<p>Tambi\u00e9n recalc\u00f3 que con esta obra se ordena y planea M\u00e9rida, mientras se fomenta el deporte y un estilo de vida saludable. \u00abVamos a cuidar de este espacio como cuidamos de M\u00e9rida. Con responsabilidad y amor por nuestra ciudad\u00bb, afirm\u00f3.<\/p>\n\n\n\n<p>Finalmente, hizo un llamado a los ciudadanos a mantener limpio el lugar y a cuidar lo que les pertenece, para que puedan usar la unidad deportiva con orgullo y hacer comunidad. Se espera que esta obra beneficie a los habitantes de la colonia y alrededores, y que sea un espacio para la convivencia y el desarrollo comunitario.<\/p>\n\n\n\n<p>En su intervenci\u00f3n, Sergio Chan Lugo, director de Obras P\u00fablicas, inform\u00f3 que el Campo Deportivo de la Colonia Boj\u00f3rquez, ubicado en calle 104 No. 443-A por 59-H y 59-J, fue rehabilitado con una inversi\u00f3n de 7 millones 999 mil 283.45 pesos.<\/p>\n\n\n\n<p>Los trabajos incluyeron ba\u00f1os, oficinas, bodegas y campos de f\u00fatbol y b\u00e9isbol, as\u00ed como la instalaci\u00f3n de sistemas de drenaje con biodigestores y la renovaci\u00f3n de las instalaciones hidr\u00e1ulicas.<\/p>\n\n\n\n<p>Adem\u00e1s, se construyeron nuevos pozos para llenar tinacos, se repararon estructuras met\u00e1licas y se colocaron mallas cicl\u00f3nicas nuevas. Tambi\u00e9n se instalaron nuevos circuitos el\u00e9ctricos para edificios y campos, se pintaron los muros perimetrales y se dio mantenimiento a las gradas y techumbres met\u00e1licas.<\/p>\n\n\n\n<p>Finalmente, se habilitaron nuevas \u00e1reas techadas para jugadores y se regulariz\u00f3 el servicio el\u00e9ctrico ante la Comisi\u00f3n Federal de Electricidad (CFE).<\/p>\n\n\n\n<p>Al evento acudieron el diputado \u00c1lvaro Cetina Puerto, los regidores Asis Cano Cetina, Juan de Dios Colli Pinto, los directores Luis Jorge Montalvo Duarte, de Servicios P\u00fablicos Municipales; Jes\u00fas P\u00e9rez Ballote, de Bienestar Humano; Iv\u00e1n Herrera Rosiles, subdirector de Deportes; Alfonso Lozano Poveda, secretario t\u00e9cnico del Servicio P\u00fablico de Mercados.<\/p>\n","protected":false},"excerpt":{"rendered":"<p>M\u00c9RIDA, Yucat\u00e1n.- Para ofrecer espacios funcionales y seguros que dignifiquen la vida de las familias meridanas, la presidenta municipal Cecilia Patr\u00f3n Laviada entreg\u00f3 los trabajos de rehabilitaci\u00f3n de la Unidad<\/p>\n","protected":false},"author":2,"featured_media":134653,"comment_status":"open","ping_status":"open","sticky":false,"template":"","format":"standard","meta":{"jetpack_post_was_ever_published":false,"_jetpack_newsletter_access":"","_jetpack_dont_email_post_to_subs":false,"_jetpack_newsletter_tier_id":0,"_jetpack_memberships_contains_paywalled_content":false,"_jetpack_memberships_contains_paid_content":false,"footnotes":"","jetpack_publicize_message":"","jetpack_publicize_feature_enabled":true,"jetpack_social_post_already_shared":true,"jetpack_social_options":{"image_generator_settings":{"template":"highway","default_image_id":0,"font":"","enabled":false},"version":2}},"categories":[54],"tags":[],"class_list":["post-134651","post","type-post","status-publish","format-standard","has-post-thumbnail","hentry","category-yucatan"],"jetpack_publicize_connections":[],"jetpack_featured_media_url":"https:\/\/formalprision.com\/wp-content\/uploads\/2025\/09\/WhatsApp-Image-2025-09-08-at-7.52.38-PM.jpeg","jetpack_sharing_enabled":true,"jetpack_shortlink":"https:\/\/wp.me\/p6id8p-z1N","_links":{"self":[{"href":"https:\/\/formalprision.com\/index.php?rest_route=\/wp\/v2\/posts\/134651","targetHints":{"allow":["GET"]}}],"collection":[{"href":"https:\/\/formalprision.com\/index.php?rest_route=\/wp\/v2\/posts"}],"about":[{"href":"https:\/\/formalprision.com\/index.php?rest_route=\/wp\/v2\/types\/post"}],"author":[{"embeddable":true,"href":"https:\/\/formalprision.com\/index.php?rest_route=\/wp\/v2\/users\/2"}],"replies":[{"embeddable":true,"href":"https:\/\/formalprision.com\/index.php?rest_route=%2Fwp%2Fv2%2Fcomments&post=134651"}],"version-history":[{"count":1,"href":"https:\/\/formalprision.com\/index.php?rest_route=\/wp\/v2\/posts\/134651\/revisions"}],"predecessor-version":[{"id":134652,"href":"https:\/\/formalprision.com\/index.php?rest_route=\/wp\/v2\/posts\/134651\/revisions\/134652"}],"wp:featuredmedia":[{"embeddable":true,"href":"https:\/\/formalprision.com\/index.php?rest_route=\/wp\/v2\/media\/134653"}],"wp:attachment":[{"href":"https:\/\/formalprision.com\/index.php?rest_route=%2Fwp%2Fv2%2Fmedia&parent=134651"}],"wp:term":[{"taxonomy":"category","embeddable":true,"href":"https:\/\/formalprision.com\/index.php?rest_route=%2Fwp%2Fv2%2Fcategories&post=134651"},{"taxonomy":"post_tag","embeddable":true,"href":"https:\/\/formalprision.com\/index.php?rest_route=%2Fwp%2Fv2%2Ftags&post=134651"}],"curies":[{"name":"wp","href":"https:\/\/api.w.org\/{rel}","templated":true}]}}