{"id":134657,"date":"2025-09-09T07:29:54","date_gmt":"2025-09-09T12:29:54","guid":{"rendered":"https:\/\/formalprision.com\/?p=134657"},"modified":"2025-09-09T22:43:35","modified_gmt":"2025-09-10T03:43:35","slug":"encuentran-muerto-a-un-capitan-de-la-marina-involucrado-en-huachicol-fiscal","status":"publish","type":"post","link":"https:\/\/formalprision.com\/?p=134657","title":{"rendered":"Encuentran muerto a un capit\u00e1n de la Marina involucrado en huachicol fiscal"},"content":{"rendered":"\n<p>Fue hallado muerto el capit\u00e1n de la Secretar\u00eda de Marina (Semar) Abraham Jerem\u00edas P\u00e9rez Ram\u00edrez, presuntamente involucrado en un caso de \u201chuachicol fiscal\u201d.<\/p>\n\n\n\n<p>Por medio de un comunicado, la Semar lament\u00f3 la muerte de P\u00e9rez Ram\u00edrez, quien se suicid\u00f3.<\/p>\n\n\n\n<p>\u201cExtendemos nuestro m\u00e1s sentido p\u00e9same y reiteramos que se otorgar\u00e1n todos los apoyos que por ley corresponden\u201d, se\u00f1al\u00f3 la dependencia.<\/p>\n\n\n\n<p>La Marina a\u00f1adi\u00f3 que colaborar\u00e1 con las autoridades competentes para esclarecer los hechos.<\/p>\n\n\n\n<p>\u00bfQui\u00e9n fue el capit\u00e1n de la Semar Abraham Jerem\u00edas P\u00e9rez Ram\u00edrez?<\/p>\n\n\n\n<p>El capit\u00e1n P\u00e9rez Ram\u00edrez se desempe\u00f1aba como titular de la Unidad de Protecci\u00f3n Portuaria de Altamira.<\/p>\n\n\n\n<p>De acuerdo con reportes, un exdirector de aduanas de Tampico lo se\u00f1al\u00f3 por presuntamente haber recibido sobornos de 100 mil pesos como parte de una red de \u201chuachicol fiscal\u201d encabezada por el vicealmirante Manuel Roberto Far\u00edas Laguna y su hermano, el contralmirante Fernando Far\u00edas.<\/p>\n\n\n\n<p>Aunque Abraham Jerem\u00edas P\u00e9rez figuraba en la investigaci\u00f3n, todav\u00eda no se giraba una orden de aprehensi\u00f3n en su contra.<\/p>\n","protected":false},"excerpt":{"rendered":"<p>Fue hallado muerto el capit\u00e1n de la Secretar\u00eda de Marina (Semar) Abraham Jerem\u00edas P\u00e9rez Ram\u00edrez, presuntamente involucrado en un caso de \u201chuachicol fiscal\u201d. Por medio de un comunicado, la Semar<\/p>\n","protected":false},"author":2,"featured_media":134659,"comment_status":"open","ping_status":"open","sticky":false,"template":"","format":"standard","meta":{"jetpack_post_was_ever_published":false,"_jetpack_newsletter_access":"","_jetpack_dont_email_post_to_subs":false,"_jetpack_newsletter_tier_id":0,"_jetpack_memberships_contains_paywalled_content":false,"_jetpack_memberships_contains_paid_content":false,"footnotes":"","jetpack_publicize_message":"","jetpack_publicize_feature_enabled":true,"jetpack_social_post_already_shared":true,"jetpack_social_options":{"image_generator_settings":{"template":"highway","default_image_id":0,"font":"","enabled":false},"version":2}},"categories":[23,21],"tags":[],"class_list":["post-134657","post","type-post","status-publish","format-standard","has-post-thumbnail","hentry","category-del-mundo","category-nacionales"],"jetpack_publicize_connections":[],"jetpack_featured_media_url":"https:\/\/formalprision.com\/wp-content\/uploads\/2025\/09\/capitan.jpg","jetpack_sharing_enabled":true,"jetpack_shortlink":"https:\/\/wp.me\/p6id8p-z1T","_links":{"self":[{"href":"https:\/\/formalprision.com\/index.php?rest_route=\/wp\/v2\/posts\/134657","targetHints":{"allow":["GET"]}}],"collection":[{"href":"https:\/\/formalprision.com\/index.php?rest_route=\/wp\/v2\/posts"}],"about":[{"href":"https:\/\/formalprision.com\/index.php?rest_route=\/wp\/v2\/types\/post"}],"author":[{"embeddable":true,"href":"https:\/\/formalprision.com\/index.php?rest_route=\/wp\/v2\/users\/2"}],"replies":[{"embeddable":true,"href":"https:\/\/formalprision.com\/index.php?rest_route=%2Fwp%2Fv2%2Fcomments&post=134657"}],"version-history":[{"count":2,"href":"https:\/\/formalprision.com\/index.php?rest_route=\/wp\/v2\/posts\/134657\/revisions"}],"predecessor-version":[{"id":134660,"href":"https:\/\/formalprision.com\/index.php?rest_route=\/wp\/v2\/posts\/134657\/revisions\/134660"}],"wp:featuredmedia":[{"embeddable":true,"href":"https:\/\/formalprision.com\/index.php?rest_route=\/wp\/v2\/media\/134659"}],"wp:attachment":[{"href":"https:\/\/formalprision.com\/index.php?rest_route=%2Fwp%2Fv2%2Fmedia&parent=134657"}],"wp:term":[{"taxonomy":"category","embeddable":true,"href":"https:\/\/formalprision.com\/index.php?rest_route=%2Fwp%2Fv2%2Fcategories&post=134657"},{"taxonomy":"post_tag","embeddable":true,"href":"https:\/\/formalprision.com\/index.php?rest_route=%2Fwp%2Fv2%2Ftags&post=134657"}],"curies":[{"name":"wp","href":"https:\/\/api.w.org\/{rel}","templated":true}]}}