{"id":134670,"date":"2025-09-09T19:55:17","date_gmt":"2025-09-10T00:55:17","guid":{"rendered":"https:\/\/formalprision.com\/?p=134670"},"modified":"2025-09-11T09:25:21","modified_gmt":"2025-09-11T14:25:21","slug":"en-merida-impulsamos-la-participacion-ciudadana-para-cuidar-el-medio-ambiente-cecilia-patron","status":"publish","type":"post","link":"https:\/\/formalprision.com\/?p=134670","title":{"rendered":"En M\u00e9rida impulsamos la participaci\u00f3n ciudadana para cuidar el medio ambiente: Cecilia Patr\u00f3n"},"content":{"rendered":"\n<p>M\u00c9RIDA, Yucat\u00e1n.- En M\u00e9rida, el orden urbano y la protecci\u00f3n ambiental se impulsan bajo un modelo de participaci\u00f3n ciudadana en el que cada voz cuenta para un desarrollo en el que nadie se quede atr\u00e1s, afirm\u00f3 la presidenta municipal Cecilia Patr\u00f3n Laviada durante su intervenci\u00f3n en el Panel de Alto Nivel Selva Maya en el marco de la Reuni\u00f3n de Directoras y Directores de WWF en Am\u00e9rica Latina y el Caribe.<\/p>\n\n\n\n<p>\u201cComo servidora de la gente, pongo especial \u00e9nfasis en el cuidado de la ciudad. Nuestro objetivo es hacerlo de la mano de quienes la habitan y la disfrutan, fomentando una cultura de respeto hacia los espacios p\u00fablicos, la biodiversidad y el entorno urbano, para garantizar bienestar y calidad de vida para todas y todos\u201d, subray\u00f3 la alcaldesa.<\/p>\n\n\n\n<p>WWF, la organizaci\u00f3n ambiental m\u00e1s grande del mundo con presencia en m\u00e1s de 100 pa\u00edses, eligi\u00f3 este 2025 a M\u00e9rida para reunir a las y los l\u00edderes de 13 pa\u00edses de la regi\u00f3n de Am\u00e9rica Latina y el Caribe, ante quienes se habl\u00f3 de la importancia de la Pen\u00ednsula de Yucat\u00e1n y la Selva Maya en el contexto de los retos de biodiversidad y clim\u00e1ticos, y las contribuciones nacionales y subnacionales a las metas globales.<\/p>\n\n\n\n<p>En la reuni\u00f3n que se realiz\u00f3 en el hotel Hyatt Regency, se discutieron esquemas innovadores de conservaci\u00f3n, as\u00ed como el dise\u00f1o de mecanismos de financiamiento necesarios para cumplir con las metas planteadas.<\/p>\n\n\n\n<p>\u201cEs un honor que M\u00e9rida sea la sede de este espacio clave para el intercambio de ideas y estrategias a favor del medio ambiente\u201d, a\u00f1adi\u00f3 la edil.<\/p>\n\n\n\n<p>Cecilia dijo que la Selva Maya es un tesoro natural y cultural, hogar de una gran biodiversidad de especies y fuente de vida invaluable y por eso es importante y urgente poner este tema en el centro de las agendas y abrir un di\u00e1logo crucial para su conservaci\u00f3n.<\/p>\n\n\n\n<figure class=\"wp-block-image size-full\"><a href=\"http:\/\/formalprision.com\/wp-content\/uploads\/2025\/09\/WhatsApp-Image-2025-09-09-at-6.29.27-PM1.jpeg\"><img loading=\"lazy\" decoding=\"async\" width=\"900\" height=\"599\" src=\"http:\/\/formalprision.com\/wp-content\/uploads\/2025\/09\/WhatsApp-Image-2025-09-09-at-6.29.27-PM1.jpeg\" alt=\"\" class=\"wp-image-134672\" srcset=\"https:\/\/formalprision.com\/wp-content\/uploads\/2025\/09\/WhatsApp-Image-2025-09-09-at-6.29.27-PM1.jpeg 900w, https:\/\/formalprision.com\/wp-content\/uploads\/2025\/09\/WhatsApp-Image-2025-09-09-at-6.29.27-PM1-300x200.jpeg 300w, https:\/\/formalprision.com\/wp-content\/uploads\/2025\/09\/WhatsApp-Image-2025-09-09-at-6.29.27-PM1-768x511.jpeg 768w\" sizes=\"auto, (max-width: 900px) 100vw, 900px\" \/><\/a><\/figure>\n\n\n\n<p>\u201cPara M\u00e9rida, recibir este foro es especialmente significativo, porque vivimos un momento clave de desarrollo en el que trabajamos con compromiso firme en la protecci\u00f3n de nuestros recursos naturales, el cuidado del medio ambiente y la conservaci\u00f3n de nuestros pueblos originarios\u201d, subray\u00f3.<\/p>\n\n\n\n<p>La alcaldesa explic\u00f3 que se planea M\u00e9rida de manera sostenible, para que las generaciones presentes y futuras puedan disfrutar de un entorno m\u00e1s verde, limpio, ordenado y resiliente. La M\u00e9rida con visi\u00f3n de futuro se construye con acciones en el presente, para que sus habitantes perciban los cambios positivos desde ahora.<\/p>\n\n\n\n<p>Comparti\u00f3 la estrategia M\u00e9rida Verde que incluye iniciativas para reverdecer la ciudad, como el programa Una familia, un \u00e1rbol, para adoptar especies nativas ornamentales, florales y frutales.<\/p>\n\n\n\n<p>Adem\u00e1s, por primera vez, la ciudadan\u00eda decidi\u00f3 sobre el primer corredor verde de la ciudad, un hito hist\u00f3rico en materia ambiental y ya se declararon 100 \u00e1rboles patrimoniales, que son parte de la historia de M\u00e9rida.<\/p>\n\n\n\n<p>Asimismo se refiri\u00f3 a la Reserva Ecol\u00f3gica Cuxtal, de gran importancia para la preservaci\u00f3n de la flora, fauna y el agua del municipio, y el trabajo que se realiza con WWF para conseguir recursos y hacerla autosuficiente.<\/p>\n\n\n\n<p>\u201cReconocemos y agradecemos profundamente a WWF por hacer posible este evento, que permite a l\u00edderes y especialistas compartir perspectivas y aprendizajes sobre c\u00f3mo planear ciudades de manera inteligente, eficiente y sobre todo sostenible\u201d, concluy\u00f3.<\/p>\n\n\n\n<p>Compartieron con la alcaldesa la mesa panel Neyra Silva Rosado, secretaria de Desarrollo Sustentable del Estado de Yucat\u00e1n; Juan Carlos Romero Gil, director de la Regi\u00f3n Pen\u00ednsula de Yucat\u00e1n y Caribe Mexicano de la Comisi\u00f3n Nacional de \u00c1reas Naturales Protegidas; Carter Roberts, Presidente y CEO de WWF US; Andreas Lenho, director general de WWF Mesoam\u00e9rica, y Mar\u00eda Jos\u00e9 Villanueva Noriega, como moderadora y directora general de WWF M\u00e9xico. Tambi\u00e9n asisti\u00f3 el director de Medio Ambiente y Bienestar Animal, Ra\u00fal Escalante Aguilar.<\/p>\n","protected":false},"excerpt":{"rendered":"<p>M\u00c9RIDA, Yucat\u00e1n.- En M\u00e9rida, el orden urbano y la protecci\u00f3n ambiental se impulsan bajo un modelo de participaci\u00f3n ciudadana en el que cada voz cuenta para un desarrollo en el<\/p>\n","protected":false},"author":2,"featured_media":134673,"comment_status":"open","ping_status":"open","sticky":false,"template":"","format":"standard","meta":{"jetpack_post_was_ever_published":false,"_jetpack_newsletter_access":"","_jetpack_dont_email_post_to_subs":false,"_jetpack_newsletter_tier_id":0,"_jetpack_memberships_contains_paywalled_content":false,"_jetpack_memberships_contains_paid_content":false,"footnotes":"","jetpack_publicize_message":"","jetpack_publicize_feature_enabled":true,"jetpack_social_post_already_shared":true,"jetpack_social_options":{"image_generator_settings":{"template":"highway","default_image_id":0,"font":"","enabled":false},"version":2}},"categories":[14],"tags":[],"class_list":["post-134670","post","type-post","status-publish","format-standard","has-post-thumbnail","hentry","category-merida"],"jetpack_publicize_connections":[],"jetpack_featured_media_url":"https:\/\/formalprision.com\/wp-content\/uploads\/2025\/09\/WhatsApp-Image-2025-09-09-at-6.29.27-PM.jpeg","jetpack_sharing_enabled":true,"jetpack_shortlink":"https:\/\/wp.me\/p6id8p-z26","_links":{"self":[{"href":"https:\/\/formalprision.com\/index.php?rest_route=\/wp\/v2\/posts\/134670","targetHints":{"allow":["GET"]}}],"collection":[{"href":"https:\/\/formalprision.com\/index.php?rest_route=\/wp\/v2\/posts"}],"about":[{"href":"https:\/\/formalprision.com\/index.php?rest_route=\/wp\/v2\/types\/post"}],"author":[{"embeddable":true,"href":"https:\/\/formalprision.com\/index.php?rest_route=\/wp\/v2\/users\/2"}],"replies":[{"embeddable":true,"href":"https:\/\/formalprision.com\/index.php?rest_route=%2Fwp%2Fv2%2Fcomments&post=134670"}],"version-history":[{"count":2,"href":"https:\/\/formalprision.com\/index.php?rest_route=\/wp\/v2\/posts\/134670\/revisions"}],"predecessor-version":[{"id":134674,"href":"https:\/\/formalprision.com\/index.php?rest_route=\/wp\/v2\/posts\/134670\/revisions\/134674"}],"wp:featuredmedia":[{"embeddable":true,"href":"https:\/\/formalprision.com\/index.php?rest_route=\/wp\/v2\/media\/134673"}],"wp:attachment":[{"href":"https:\/\/formalprision.com\/index.php?rest_route=%2Fwp%2Fv2%2Fmedia&parent=134670"}],"wp:term":[{"taxonomy":"category","embeddable":true,"href":"https:\/\/formalprision.com\/index.php?rest_route=%2Fwp%2Fv2%2Fcategories&post=134670"},{"taxonomy":"post_tag","embeddable":true,"href":"https:\/\/formalprision.com\/index.php?rest_route=%2Fwp%2Fv2%2Ftags&post=134670"}],"curies":[{"name":"wp","href":"https:\/\/api.w.org\/{rel}","templated":true}]}}