{"id":134678,"date":"2025-09-09T23:00:28","date_gmt":"2025-09-10T04:00:28","guid":{"rendered":"https:\/\/formalprision.com\/?p=134678"},"modified":"2025-09-11T09:24:53","modified_gmt":"2025-09-11T14:24:53","slug":"yucatan-recibira-el-encuentro-de-arte-textil-mas-importante-del-pais","status":"publish","type":"post","link":"https:\/\/formalprision.com\/?p=134678","title":{"rendered":"Yucat\u00e1n recibir\u00e1 el encuentro de arte textil m\u00e1s importante del pa\u00eds"},"content":{"rendered":"\n<p>M\u00e9rida, Yucat\u00e1n, a 9 de septiembre de 2025.-Yucat\u00e1n ser\u00e1 sede del primer Original: Encuentro de Arte Textil fuera de la Ciudad de M\u00e9xico, en un evento que, del 16 al 19 de octubre, reunir\u00e1 a m\u00e1s de 300 artesanas y artesanos de todo el pa\u00eds, junto con representantes de Cuba y Paraguay, para compartir sus creaciones y tradiciones, promoviendo la dignidad y el comercio justo para las comunidades que se dedican a esta actividad.<\/p>\n\n\n\n<p>Acompa\u00f1ado de la secretaria de Cultura del Gobierno de M\u00e9xico, Claudia Curiel de Icaza, el gobernador Joaqu\u00edn D\u00edaz Mena present\u00f3 los pormenores de este encuentro y destac\u00f3 que llega a Yucat\u00e1n para reconocer el valor textil mexicano y de quienes lo mantienen vivo con sus manos y su coraz\u00f3n, consolid\u00e1ndose como un espacio de respeto, dignidad y proyecci\u00f3n para quienes han cuidado por generaciones la memoria de nuestros pueblos a trav\u00e9s del bordado, el tejido, la filigrana y tantas t\u00e9cnicas que forman parte de nuestra identidad.<\/p>\n\n\n\n<p>En ese sentido, el titular del Ejecutivo estatal indic\u00f3 que la entidad pronto tendr\u00e1 dos tiendas permanentes del Fondo Nacional para el Fomento de las Artesan\u00edas (Fonart), para dar un impulso importante a la venta justa de artesan\u00edas locales, las cuales estar\u00e1n en el Ateneo Peninsular y en el parador tur\u00edstico de Chich\u00e9n Itz\u00e1.<\/p>\n","protected":false},"excerpt":{"rendered":"<p>M\u00e9rida, Yucat\u00e1n, a 9 de septiembre de 2025.-Yucat\u00e1n ser\u00e1 sede del primer Original: Encuentro de Arte Textil fuera de la Ciudad de M\u00e9xico, en un evento que, del 16 al<\/p>\n","protected":false},"author":1,"featured_media":134679,"comment_status":"open","ping_status":"open","sticky":false,"template":"","format":"standard","meta":{"jetpack_post_was_ever_published":false,"_jetpack_newsletter_access":"","_jetpack_dont_email_post_to_subs":false,"_jetpack_newsletter_tier_id":0,"_jetpack_memberships_contains_paywalled_content":false,"_jetpack_memberships_contains_paid_content":false,"footnotes":"","jetpack_publicize_message":"","jetpack_publicize_feature_enabled":true,"jetpack_social_post_already_shared":true,"jetpack_social_options":{"image_generator_settings":{"template":"highway","default_image_id":0,"font":"","enabled":false},"version":2}},"categories":[14],"tags":[],"class_list":["post-134678","post","type-post","status-publish","format-standard","has-post-thumbnail","hentry","category-merida"],"jetpack_publicize_connections":[],"jetpack_featured_media_url":"https:\/\/formalprision.com\/wp-content\/uploads\/2025\/09\/IMG-20250909-WA0056.jpg","jetpack_sharing_enabled":true,"jetpack_shortlink":"https:\/\/wp.me\/p6id8p-z2e","_links":{"self":[{"href":"https:\/\/formalprision.com\/index.php?rest_route=\/wp\/v2\/posts\/134678","targetHints":{"allow":["GET"]}}],"collection":[{"href":"https:\/\/formalprision.com\/index.php?rest_route=\/wp\/v2\/posts"}],"about":[{"href":"https:\/\/formalprision.com\/index.php?rest_route=\/wp\/v2\/types\/post"}],"author":[{"embeddable":true,"href":"https:\/\/formalprision.com\/index.php?rest_route=\/wp\/v2\/users\/1"}],"replies":[{"embeddable":true,"href":"https:\/\/formalprision.com\/index.php?rest_route=%2Fwp%2Fv2%2Fcomments&post=134678"}],"version-history":[{"count":1,"href":"https:\/\/formalprision.com\/index.php?rest_route=\/wp\/v2\/posts\/134678\/revisions"}],"predecessor-version":[{"id":134680,"href":"https:\/\/formalprision.com\/index.php?rest_route=\/wp\/v2\/posts\/134678\/revisions\/134680"}],"wp:featuredmedia":[{"embeddable":true,"href":"https:\/\/formalprision.com\/index.php?rest_route=\/wp\/v2\/media\/134679"}],"wp:attachment":[{"href":"https:\/\/formalprision.com\/index.php?rest_route=%2Fwp%2Fv2%2Fmedia&parent=134678"}],"wp:term":[{"taxonomy":"category","embeddable":true,"href":"https:\/\/formalprision.com\/index.php?rest_route=%2Fwp%2Fv2%2Fcategories&post=134678"},{"taxonomy":"post_tag","embeddable":true,"href":"https:\/\/formalprision.com\/index.php?rest_route=%2Fwp%2Fv2%2Ftags&post=134678"}],"curies":[{"name":"wp","href":"https:\/\/api.w.org\/{rel}","templated":true}]}}