{"id":134687,"date":"2025-09-10T18:09:25","date_gmt":"2025-09-10T23:09:25","guid":{"rendered":"https:\/\/formalprision.com\/?p=134687"},"modified":"2025-09-11T09:23:57","modified_gmt":"2025-09-11T14:23:57","slug":"acerca-cecilia-patron-atencion-psicologica-gratis-a-jovenes-con-la-ruta-de-la-salud-mental","status":"publish","type":"post","link":"https:\/\/formalprision.com\/?p=134687","title":{"rendered":"Acerca Cecilia Patr\u00f3n atenci\u00f3n psicol\u00f3gica gratis a j\u00f3venes con la Ruta de la Salud Mental"},"content":{"rendered":"\n<p>M\u00c9RIDA, Yucat\u00e1n.- Para acercar atenci\u00f3n psicol\u00f3gica gratuita a j\u00f3venes de M\u00e9rida y sus comisar\u00edas, la presidenta municipal Cecilia Patr\u00f3n Laviada dio el banderazo a la Ruta de la Salud Mental, una unidad m\u00f3vil que brindar\u00e1 atenci\u00f3n integral de primer contacto.<\/p>\n\n\n\n<p>\u201cQu\u00e9 mejor manera de conmemorar el D\u00eda Mundial para la Prevenci\u00f3n del Suicidio que con la puesta en marcha de pol\u00edticas p\u00fablicas hechas por j\u00f3venes a partir de las ideas vertidas en el primer Laboratorio de Innovaci\u00f3n Social y que ahora son realidad\u201d, extern\u00f3 la mun\u00edcipe.<\/p>\n\n\n\n<p>La Ruta de la Salud Mental acercar\u00e1 servicios de orientaci\u00f3n, consejer\u00eda y canalizaci\u00f3n psicol\u00f3gica a estudiantes universitarios y la comunidad en general mediante una unidad m\u00f3vil equipada como sala de consulta terap\u00e9utica. Es operada por psic\u00f3logos expertos del Departamento de Salud Mental de la Direcci\u00f3n de Bienestar Humano.<\/p>\n\n\n\n<p>Cuentan con un m\u00e9todo denominado SST, Sesi\u00f3n Simple Terap\u00e9utica, que est\u00e1 indicado para ciertos padecimientos que van de mediano a bajo impacto. Lo que no pueda ser atendido en una sola sesi\u00f3n se canalizar\u00e1 a uno de los cuatro m\u00f3dulos de Alma Nova, inform\u00f3 el director de Bienestar Humano, Jes\u00fas P\u00e9rez Ballote.<\/p>\n\n\n\n<p>Se espera un impacto positivo reflejado en tres niveles: individual (bienestar emocional y prevenci\u00f3n de conductas autodestructivas), familiar (mejora de la comunicaci\u00f3n y reducci\u00f3n de la violencia intrafamiliar) y social (disminuci\u00f3n de suicidios, cohesi\u00f3n comunitaria y cultura de salud mental).<\/p>\n\n\n\n<p>La nueva unidad m\u00f3vil se traslad\u00f3 en su primer d\u00eda al Campus de Ciencias Sociales de la Universidad Aut\u00f3noma de Yucat\u00e1n y recorrer\u00e1 diferentes centros escolares en un horario de 8 de la ma\u00f1ana a 7 de la noche. Cuando se programe la visita a las colonias y comisar\u00edas llegar\u00e1 en horario vespertino, de 2 de la tarde a 7 de la noche.<\/p>\n\n\n\n<p>Los servicios son gratuitos y, en los casos que lo requiera, se canalizar\u00e1n oportunamente a instituciones y redes de apoyo, a fin de contribuir a la prevenci\u00f3n, detecci\u00f3n temprana y disminuci\u00f3n de problem\u00e1ticas asociadas a la salud mental y el suicidio, fen\u00f3meno que mantiene a Yucat\u00e1n en los primeros lugares a nivel nacional en incidencia.<\/p>\n\n\n\n<p>Este proyecto surge en cumplimiento del art\u00edculo 137 del reglamento de la administraci\u00f3n p\u00fablica municipal y como resultado del Primer Laboratorio de Innovaci\u00f3n Social que se enfoc\u00f3 en la atenci\u00f3n a la salud mental y en la que se destin\u00f3 recurso p\u00fablico para su implementaci\u00f3n.<\/p>\n\n\n\n<p>Tambi\u00e9n arrancaron una campa\u00f1a digital de promoci\u00f3n de la salud mental, y un programa de atenci\u00f3n a personas que han tenido alg\u00fan riesgo suicida y sus familiares, \u00e9ste \u00faltimo desde Alma Nova sur.<\/p>\n\n\n\n<p>En este sentido, el secretario de Participaci\u00f3n y Atenci\u00f3n Ciudadana, Carlos Carrillo Paredes, dijo que estas acciones hablan del compromiso del Ayuntamiento de ejecutar los proyectos y de la gran oportunidad que tienen las y los j\u00f3venes de crear pol\u00edticas p\u00fablicas que beneficien a su comunidad.<\/p>\n\n\n\n<p>Invit\u00f3 a participar en el segundo Laboratorio de Innovaci\u00f3n Social, que tendr\u00e1 como enfoque la prevenci\u00f3n de las adicciones, uno de los temas y necesidades detectadas en diferentes acercamientos con este sector mediante el programa Alcaldesa en Tu Escuela.<\/p>\n\n\n\n<p>Se espera la participaci\u00f3n de 100 j\u00f3venes de M\u00e9rida y sus comisar\u00edas, de entre 18 y 29 a\u00f1os. El registro est\u00e1 abierto hasta el 6 de octubre mediante la plataforma decide.merida.gob.mx y la actividad se desarrollar\u00e1 durante 12 horas a partir del 14 de octubre.<\/p>\n\n\n\n<p>Adem\u00e1s, el Ayuntamiento de M\u00e9rida cuenta con diversos programas como los Primeros Auxilios Psicol\u00f3gicos (PAPSI), en las que se implementan pl\u00e1ticas de prevenci\u00f3n de adicciones y promoci\u00f3n de la salud mental a alumnos, docentes y tutores de escuelas p\u00fablicas y privadas de quinto y sexto de primaria, secundaria y bachillerato completo.<\/p>\n\n\n\n<p>Tambi\u00e9n se cuenta con Brigadas Comunitarias de Salud Mental (BCSM) para la promoci\u00f3n, detecci\u00f3n y prevenci\u00f3n de la salud mental en comisar\u00edas de M\u00e9rida, as\u00ed como los cuatro centros Alma Nova, ubicados al norte, sur, poniente y oriente de la ciudad, donde se han otorgado m\u00e1s de 24 mil consultas psicol\u00f3gicas.<\/p>\n\n\n\n<p>Para mayor informaci\u00f3n de los Centros Municipales de Apoyo a la Salud Mental Alma Nova podr\u00e1n comunicarse de lunes a viernes de 8:00 a.m. a 6:00 p.m. al 999 942 00 00 ext. 86900, al tel\u00e9fono celular 999 338 82 87 o por correo a psicologia@merida.gob.mx.<\/p>\n\n\n\n<p>En el inicio de este nuevo programa estuvieron presentes Flora Zapata Mendiolea, coordinadora general de justicia Social y Desarrollo Humano; Celia Rosado Avil\u00e9s, secretaria general de la UADY y los integrantes de los proyectos ganadores del Laboratorio de Innovaci\u00f3n Social.<\/p>\n","protected":false},"excerpt":{"rendered":"<p>M\u00c9RIDA, Yucat\u00e1n.- Para acercar atenci\u00f3n psicol\u00f3gica gratuita a j\u00f3venes de M\u00e9rida y sus comisar\u00edas, la presidenta municipal Cecilia Patr\u00f3n Laviada dio el banderazo a la Ruta de la Salud Mental,<\/p>\n","protected":false},"author":2,"featured_media":134689,"comment_status":"open","ping_status":"open","sticky":false,"template":"","format":"standard","meta":{"jetpack_post_was_ever_published":false,"_jetpack_newsletter_access":"","_jetpack_dont_email_post_to_subs":false,"_jetpack_newsletter_tier_id":0,"_jetpack_memberships_contains_paywalled_content":false,"_jetpack_memberships_contains_paid_content":false,"footnotes":"","jetpack_publicize_message":"","jetpack_publicize_feature_enabled":true,"jetpack_social_post_already_shared":true,"jetpack_social_options":{"image_generator_settings":{"template":"highway","default_image_id":0,"font":"","enabled":false},"version":2}},"categories":[14],"tags":[],"class_list":["post-134687","post","type-post","status-publish","format-standard","has-post-thumbnail","hentry","category-merida"],"jetpack_publicize_connections":[],"jetpack_featured_media_url":"https:\/\/formalprision.com\/wp-content\/uploads\/2025\/09\/WhatsApp-Image-2025-09-10-at-1.34.02-PM.jpeg","jetpack_sharing_enabled":true,"jetpack_shortlink":"https:\/\/wp.me\/p6id8p-z2n","_links":{"self":[{"href":"https:\/\/formalprision.com\/index.php?rest_route=\/wp\/v2\/posts\/134687","targetHints":{"allow":["GET"]}}],"collection":[{"href":"https:\/\/formalprision.com\/index.php?rest_route=\/wp\/v2\/posts"}],"about":[{"href":"https:\/\/formalprision.com\/index.php?rest_route=\/wp\/v2\/types\/post"}],"author":[{"embeddable":true,"href":"https:\/\/formalprision.com\/index.php?rest_route=\/wp\/v2\/users\/2"}],"replies":[{"embeddable":true,"href":"https:\/\/formalprision.com\/index.php?rest_route=%2Fwp%2Fv2%2Fcomments&post=134687"}],"version-history":[{"count":1,"href":"https:\/\/formalprision.com\/index.php?rest_route=\/wp\/v2\/posts\/134687\/revisions"}],"predecessor-version":[{"id":134688,"href":"https:\/\/formalprision.com\/index.php?rest_route=\/wp\/v2\/posts\/134687\/revisions\/134688"}],"wp:featuredmedia":[{"embeddable":true,"href":"https:\/\/formalprision.com\/index.php?rest_route=\/wp\/v2\/media\/134689"}],"wp:attachment":[{"href":"https:\/\/formalprision.com\/index.php?rest_route=%2Fwp%2Fv2%2Fmedia&parent=134687"}],"wp:term":[{"taxonomy":"category","embeddable":true,"href":"https:\/\/formalprision.com\/index.php?rest_route=%2Fwp%2Fv2%2Fcategories&post=134687"},{"taxonomy":"post_tag","embeddable":true,"href":"https:\/\/formalprision.com\/index.php?rest_route=%2Fwp%2Fv2%2Ftags&post=134687"}],"curies":[{"name":"wp","href":"https:\/\/api.w.org\/{rel}","templated":true}]}}