{"id":134693,"date":"2025-09-10T22:08:57","date_gmt":"2025-09-11T03:08:57","guid":{"rendered":"https:\/\/formalprision.com\/?p=134693"},"modified":"2025-09-11T19:24:39","modified_gmt":"2025-09-12T00:24:39","slug":"merida-vibrara-al-ritmo-de-jazz-este-otono","status":"publish","type":"post","link":"https:\/\/formalprision.com\/?p=134693","title":{"rendered":"M\u00e9rida vibrar\u00e1 al ritmo de jazz este oto\u00f1o"},"content":{"rendered":"\n<p>M\u00c9RIDA, Yucat\u00e1n.- La capital yucateca vibrar\u00e1 a un ritmo diferente del 1 al 4 de octubre con el Festival de Jazz M\u00e9rida 2025, una nueva propuesta cultural que incluye conciertos, charlas magistrales y un desfile con jazz tradicional estilo Nueva Orleans, de forma gratuita para toda la familia, inform\u00f3 la presidenta municipal Cecilia Patr\u00f3n Laviada y m\u00fasicos que participar\u00e1n en esta primera edici\u00f3n.<\/p>\n\n\n\n<p>\u201cDiversificar la oferta cultural, ac\u00fastica y tur\u00edstica de M\u00e9rida, es acercar la cultura con justicia social a toda la ciudad, adem\u00e1s de brindar espacios a representantes de este g\u00e9nero musical que no solo busca enaltecer el jazz, sino tambi\u00e9n fomentar una derrama cultural y social en la comunidad, que contribuya al turismo local, beneficiando a la industria hotelera y restaurantera, y a las familias meridanas que podr\u00e1n disfrutar de forma gratuita artistas locales, nacionales e internacionales\u201d, comparti\u00f3 la alcaldesa.<\/p>\n\n\n\n<p>Magos Herrera y Elizabet Meza, reconocidas int\u00e9rpretes con m\u00e1s de dos d\u00e9cadas de trayectoria en el jazz, forman parte del cartel de artistas que llenar\u00e1n de voz y versatilidad el festival. Los proyectos del festival incluyen tambi\u00e9n las actuaciones de Concorde, Imperfecta (San Cuevas), The Tribe, Meen Green, Tlapaler\u00eda Don Chuy, M\u00e9rida Hoy Jazz Society y \u00d3scar Ter\u00e1n Cuarteto. Asimismo estar\u00e1n Edgar Cruz, Mario Esquivel y Emmanuel Mora; Mateo y Rodrigo Valdez, y Gina Osorno.<\/p>\n\n\n\n<p>El Centro Cultural de M\u00e9rida \u201cOlimpo\u201d fue el escenario para la presentaci\u00f3n del festival que estuvo encabezada por la alcaldesa, la coordinadora General de Justicia Social y Desarrollo Humano, Flora Zapata Mendiolea; la directora de Identidad y Cultura, Karla Berr\u00f3n C\u00e1mara, y el titular de la Unidad de Turismo, Armando Casares Espinosa.<\/p>\n\n\n\n<p>En un video promocional con el programa de actividades se detall\u00f3 que en total ser\u00e1n once conciertos, cinco clases magistrales y conversatorio, un desfile y una presentaci\u00f3n especial (perfomance) para que todas y todos disfruten lo mejor del g\u00e9nero musical que ha dejado huella en la historia.<\/p>\n\n\n\n<p>Las actividades se realizar\u00e1n en ocho sedes diferentes, a fin de diversificar la oferta cultural para todas y todos. Estas son: el parque de Santa Luc\u00eda, el Remate del Paseo de Montejo, el Corredor Tur\u00edstico Gastron\u00f3mico, la Universidad An\u00e1huac Mayab, el Patio Central del Centro Cultural Universitario (UADY), el Museo de la Luz, el CEPHCIS UNAM y el Centro Cultural Olimpo.<\/p>\n\n\n\n<p>Las charlas ser\u00e1n en horarios matutinos y los conciertos por las noches, para que todos tengan acceso a la experiencia musical.<\/p>\n\n\n\n<p>Es de destacar que la jazzista Magos Herrera, fue nominada al Grammy Internacional en 2009 por su canci\u00f3n \u201cNi\u00f1a\u201d, es una int\u00e9rprete internacional de jazz y m\u00fasica contempor\u00e1nea latinoamericana, con s\u00f3lida presencia en escenarios emblem\u00e1ticos como el Lincon Center, Carnegie Hall, Kennedy Center y Festivales en Montreux. Montreal y Barcelona. Adem\u00e1s de compartir su experiencia en jazz, ser\u00e1 quien cierre el festival con un gran concierto en el Remate del Paseo de Montejo.<\/p>\n\n\n\n<p>Elizabet Meza es una reconocida vocalista mexicana, con potente voz y sensibilidad interpretativa combina el jazz tradicional con elementos de m\u00fasica latinoamericana.<\/p>\n\n\n\n<p>Como anfitriones y maestros de ceremonias para los conciertos estar\u00e1n Sara Valenzuela, cantautora y periodista cultural de Guadalajara y figura clave en la difusi\u00f3n del jazz en M\u00e9xico, y Edgar Cruz. comunic\u00f3logo y productor con m\u00e1s de tres d\u00e9cadas de trayectoria en radio, televisi\u00f3n y medios impresos.<\/p>\n\n\n\n<p>El festival brindar\u00e1 un espacio para que, artistas, locales, nacionales e internacionales compartan su talento, conciertos de alta calidad, promuevan la evoluci\u00f3n y diversidad del jazz tanto tradicional como contempor\u00e1neo.<\/p>\n\n\n\n<p>Tambi\u00e9n acompa\u00f1aron a la presidenta municipal en la presentaci\u00f3n Paul Trotter, propietario de La Tratto, \u00edcono de Santa Luc\u00eda; Ricardo Mart\u00ednez, curador del Festival de Jazz M\u00e9rida; y los m\u00fasicos Jordi Albert y Rainer Pucheux, integrantes de la M\u00e9rida Hoy Jzz Society.<\/p>\n\n\n\n<p>El programa del Festival de Jazz M\u00e9rida 2025 se podr\u00e1 consultar en www.merida.gob.mx\/cultura Todas las actividades ser\u00e1n con acceso libre, sin boleto.<\/p>\n","protected":false},"excerpt":{"rendered":"<p>M\u00c9RIDA, Yucat\u00e1n.- La capital yucateca vibrar\u00e1 a un ritmo diferente del 1 al 4 de octubre con el Festival de Jazz M\u00e9rida 2025, una nueva propuesta cultural que incluye conciertos,<\/p>\n","protected":false},"author":2,"featured_media":134695,"comment_status":"open","ping_status":"open","sticky":false,"template":"","format":"standard","meta":{"jetpack_post_was_ever_published":false,"_jetpack_newsletter_access":"","_jetpack_dont_email_post_to_subs":false,"_jetpack_newsletter_tier_id":0,"_jetpack_memberships_contains_paywalled_content":false,"_jetpack_memberships_contains_paid_content":false,"footnotes":"","jetpack_publicize_message":"","jetpack_publicize_feature_enabled":true,"jetpack_social_post_already_shared":true,"jetpack_social_options":{"image_generator_settings":{"template":"highway","default_image_id":0,"font":"","enabled":false},"version":2}},"categories":[54],"tags":[],"class_list":["post-134693","post","type-post","status-publish","format-standard","has-post-thumbnail","hentry","category-yucatan"],"jetpack_publicize_connections":[],"jetpack_featured_media_url":"https:\/\/formalprision.com\/wp-content\/uploads\/2025\/09\/WhatsApp-Image-2025-09-10-at-8.47.49-PM.jpeg","jetpack_sharing_enabled":true,"jetpack_shortlink":"https:\/\/wp.me\/p6id8p-z2t","_links":{"self":[{"href":"https:\/\/formalprision.com\/index.php?rest_route=\/wp\/v2\/posts\/134693","targetHints":{"allow":["GET"]}}],"collection":[{"href":"https:\/\/formalprision.com\/index.php?rest_route=\/wp\/v2\/posts"}],"about":[{"href":"https:\/\/formalprision.com\/index.php?rest_route=\/wp\/v2\/types\/post"}],"author":[{"embeddable":true,"href":"https:\/\/formalprision.com\/index.php?rest_route=\/wp\/v2\/users\/2"}],"replies":[{"embeddable":true,"href":"https:\/\/formalprision.com\/index.php?rest_route=%2Fwp%2Fv2%2Fcomments&post=134693"}],"version-history":[{"count":1,"href":"https:\/\/formalprision.com\/index.php?rest_route=\/wp\/v2\/posts\/134693\/revisions"}],"predecessor-version":[{"id":134694,"href":"https:\/\/formalprision.com\/index.php?rest_route=\/wp\/v2\/posts\/134693\/revisions\/134694"}],"wp:featuredmedia":[{"embeddable":true,"href":"https:\/\/formalprision.com\/index.php?rest_route=\/wp\/v2\/media\/134695"}],"wp:attachment":[{"href":"https:\/\/formalprision.com\/index.php?rest_route=%2Fwp%2Fv2%2Fmedia&parent=134693"}],"wp:term":[{"taxonomy":"category","embeddable":true,"href":"https:\/\/formalprision.com\/index.php?rest_route=%2Fwp%2Fv2%2Fcategories&post=134693"},{"taxonomy":"post_tag","embeddable":true,"href":"https:\/\/formalprision.com\/index.php?rest_route=%2Fwp%2Fv2%2Ftags&post=134693"}],"curies":[{"name":"wp","href":"https:\/\/api.w.org\/{rel}","templated":true}]}}