{"id":135086,"date":"2025-09-29T10:29:26","date_gmt":"2025-09-29T15:29:26","guid":{"rendered":"https:\/\/formalprision.com\/?p=135086"},"modified":"2025-09-29T21:24:40","modified_gmt":"2025-09-30T02:24:40","slug":"bad-bunny-encabezara-el-show-de-medio-tiempo-del-super-bowl-2026","status":"publish","type":"post","link":"https:\/\/formalprision.com\/?p=135086","title":{"rendered":"Bad Bunny encabezar\u00e1 el show de medio tiempo del Super Bowl 2026"},"content":{"rendered":"\n<p>LOS \u00c1NGELES, California, lunes 29\/09\/2025.- El puertorrique\u00f1o Bad Bunny ser\u00e1 el protagonista del show de medio tiempo del Super Bowl de 2026 en Santa Clara (California) el pr\u00f3ximo 8 de febrero, inform\u00f3 este domingo la NFL.<\/p>\n\n\n\n<p>Bad Bunny protagonizar\u00e1 el espect\u00e1culo del descanso en Santa Clara, despu\u00e9s de que Kendrick Lamar lo hiciera en 2025 en Nueva Orleans en el Super Bowl entre Kansas City Chiefs y Philadelphia Eagles.<\/p>\n\n\n\n<p>El Super Bowl de 2026 se disputar\u00e1 en el Levi\u2019s Stadium de Santa Clara el pr\u00f3ximo 8 de febrero.<\/p>\n\n\n\n<p>\u201cLo que siento va m\u00e1s all\u00e1 de m\u00ed. Es para los que vinieron antes que yo y recorrieron infinitas yardas para yo pudiera llegar y anotar un \u2018touchdown\u2018\u2026 esto es para mi gente, mi cultura y nuestra historia. Ve y dile a tu abuela, que seremos el HALFTIME SHOW DEL SUPER BOWL\u201c, asegur\u00f3 Bad Bunny en declaraciones facilitadas por la NFL.<\/p>\n\n\n\n<p>Bad Bunny representa la energ\u00eda y la cultura vibrante que definen la m\u00fasica de hoy en d\u00eda. Como uno de los artistas m\u00e1s influyentes del mundo, su habilidad \u00fanica de unir g\u00e9neros, lenguajes y p\u00fablicos le convierte en una elecci\u00f3n emocionante para subir al escenario del espect\u00e1culo del descanso del S\u00faper Bowl\u201d, afirm\u00f3 Jon Barker, directivo de la NFL.<\/p>\n\n\n\n<p>Bad Bunny, ganador de tres premios Grammy, actuar\u00e1 en un espect\u00e1culo del descanso del Super Bowl que est\u00e1 patrocinado por Apple desde 2023.<\/p>\n","protected":false},"excerpt":{"rendered":"<p>LOS \u00c1NGELES, California, lunes 29\/09\/2025.- El puertorrique\u00f1o Bad Bunny ser\u00e1 el protagonista del show de medio tiempo del Super Bowl de 2026 en Santa Clara (California) el pr\u00f3ximo 8 de<\/p>\n","protected":false},"author":2,"featured_media":135088,"comment_status":"open","ping_status":"open","sticky":false,"template":"","format":"standard","meta":{"jetpack_post_was_ever_published":false,"_jetpack_newsletter_access":"","_jetpack_dont_email_post_to_subs":false,"_jetpack_newsletter_tier_id":0,"_jetpack_memberships_contains_paywalled_content":false,"_jetpack_memberships_contains_paid_content":false,"footnotes":"","jetpack_publicize_message":"","jetpack_publicize_feature_enabled":true,"jetpack_social_post_already_shared":true,"jetpack_social_options":{"image_generator_settings":{"template":"highway","default_image_id":0,"font":"","enabled":false},"version":2}},"categories":[23,4,32],"tags":[],"class_list":["post-135086","post","type-post","status-publish","format-standard","has-post-thumbnail","hentry","category-del-mundo","category-deportes","category-espectaculos"],"jetpack_publicize_connections":[],"jetpack_featured_media_url":"https:\/\/formalprision.com\/wp-content\/uploads\/2025\/09\/buny.jpg","jetpack_sharing_enabled":true,"jetpack_shortlink":"https:\/\/wp.me\/p6id8p-z8O","_links":{"self":[{"href":"https:\/\/formalprision.com\/index.php?rest_route=\/wp\/v2\/posts\/135086","targetHints":{"allow":["GET"]}}],"collection":[{"href":"https:\/\/formalprision.com\/index.php?rest_route=\/wp\/v2\/posts"}],"about":[{"href":"https:\/\/formalprision.com\/index.php?rest_route=\/wp\/v2\/types\/post"}],"author":[{"embeddable":true,"href":"https:\/\/formalprision.com\/index.php?rest_route=\/wp\/v2\/users\/2"}],"replies":[{"embeddable":true,"href":"https:\/\/formalprision.com\/index.php?rest_route=%2Fwp%2Fv2%2Fcomments&post=135086"}],"version-history":[{"count":2,"href":"https:\/\/formalprision.com\/index.php?rest_route=\/wp\/v2\/posts\/135086\/revisions"}],"predecessor-version":[{"id":135089,"href":"https:\/\/formalprision.com\/index.php?rest_route=\/wp\/v2\/posts\/135086\/revisions\/135089"}],"wp:featuredmedia":[{"embeddable":true,"href":"https:\/\/formalprision.com\/index.php?rest_route=\/wp\/v2\/media\/135088"}],"wp:attachment":[{"href":"https:\/\/formalprision.com\/index.php?rest_route=%2Fwp%2Fv2%2Fmedia&parent=135086"}],"wp:term":[{"taxonomy":"category","embeddable":true,"href":"https:\/\/formalprision.com\/index.php?rest_route=%2Fwp%2Fv2%2Fcategories&post=135086"},{"taxonomy":"post_tag","embeddable":true,"href":"https:\/\/formalprision.com\/index.php?rest_route=%2Fwp%2Fv2%2Ftags&post=135086"}],"curies":[{"name":"wp","href":"https:\/\/api.w.org\/{rel}","templated":true}]}}