{"id":135161,"date":"2025-10-01T23:58:07","date_gmt":"2025-10-02T04:58:07","guid":{"rendered":"https:\/\/formalprision.com\/?p=135161"},"modified":"2025-10-01T23:58:07","modified_gmt":"2025-10-02T04:58:07","slug":"feria-de-vacantes-del-ayuntamiento-de-merida-abre-mas-oportunidades-a-universitarios","status":"publish","type":"post","link":"https:\/\/formalprision.com\/?p=135161","title":{"rendered":"Feria de Vacantes del Ayuntamiento de M\u00e9rida abre m\u00e1s oportunidades a universitarios"},"content":{"rendered":"\n<p>M\u00e9rida, Yucat\u00e1n, mi\u00e9rcoles 1 de octubre de 2025.- Son 59 los estudiantes que formar\u00e1n parte de proyectos de impacto social gracias al acercamiento que tuvieron mediante la Feria de Vacantes para Servicio Social, Pr\u00e1cticas Profesionales y Voluntariado de la Secretar\u00eda de Participaci\u00f3n y Atenci\u00f3n Ciudadana del Ayuntamiento de M\u00e9rida.<\/p>\n\n\n\n<p>En colaboraci\u00f3n con m\u00e1s de 20 organizaciones civiles, se ofreci\u00f3 un espacio dise\u00f1ado para acercar a las juventudes a proyectos sociales y sumarse a experiencias que, adem\u00e1s de fortalecer su formaci\u00f3n acad\u00e9mica, contribuyen al bienestar de la comunidad de la mano del Departamento de Vinculaci\u00f3n con Organismos Sociales y la Red M\u00e9rida Nos Une.<\/p>\n\n\n\n<p>La alcaldesa de M\u00e9rida, Cecilia Patr\u00f3n Patr\u00f3n Laviada, comparti\u00f3 que este tipo de vinculaci\u00f3n social entre las y los j\u00f3venes de la ciudad y sus comisar\u00edas permiten tener una comunidad m\u00e1s resiliente, solidaria y activa ante las necesidades del municipio.<\/p>\n\n\n\n<p>De los j\u00f3venes que se inscribieron formalmente a las oportunidades ofrecidas por las organizaciones participantes, 56 se sumaron al programa de voluntariado y 32 son adem\u00e1s de servicio social y\/o pr\u00e1cticas profesionales.<\/p>\n\n\n\n<p>Entre las organizaciones civiles participantes destacaron la Asociaci\u00f3n HUNAB Proyecto de Vida, A.C., la Asociaci\u00f3n de Mujeres Yucatecas contra el C\u00e1ncer, A.C., la Reserva Cuxtal, la Asociaci\u00f3n Yucateca de Lucha contra el Autismo y Otros Trastornos del Desarrollo, A.C., y Manos que Quieren Trabajar con Apoyo, A.C., entre otras.<\/p>\n\n\n\n<p>En reuni\u00f3n con los participantes, el secretario de Participaci\u00f3n y Atenci\u00f3n Ciudadana, Carlos Manuel Carrillo Paredes, destac\u00f3 la importancia de este tipo de ejercicios de vinculaci\u00f3n al se\u00f1alar que la misi\u00f3n principal de estos espacios es tender puentes entre los j\u00f3venes y la sociedad civil organizada.<\/p>\n\n\n\n<p>\u201cCada oportunidad que se abre no solo fortalece su aprendizaje acad\u00e9mico, sino tambi\u00e9n su compromiso ciudadano. Estoy convencido de que al sumarse a estas experiencias, cada estudiante se convierte en protagonista del cambio que nuestra M\u00e9rida necesita\u201d, dijo.<\/p>\n\n\n\n<p>Este ejercicio de vinculaci\u00f3n refuerza el compromiso del Ayuntamiento de M\u00e9rida por fomentar la participaci\u00f3n ciudadana, la solidaridad y el desarrollo de habilidades en la juventud, al tiempo que fortalece la red de colaboraci\u00f3n con la sociedad civil organizada.<\/p>\n","protected":false},"excerpt":{"rendered":"<p>M\u00e9rida, Yucat\u00e1n, mi\u00e9rcoles 1 de octubre de 2025.- Son 59 los estudiantes que formar\u00e1n parte de proyectos de impacto social gracias al acercamiento que tuvieron mediante la Feria de Vacantes<\/p>\n","protected":false},"author":1,"featured_media":135162,"comment_status":"open","ping_status":"open","sticky":false,"template":"","format":"standard","meta":{"jetpack_post_was_ever_published":false,"_jetpack_newsletter_access":"","_jetpack_dont_email_post_to_subs":false,"_jetpack_newsletter_tier_id":0,"_jetpack_memberships_contains_paywalled_content":false,"_jetpack_memberships_contains_paid_content":false,"footnotes":"","jetpack_publicize_message":"","jetpack_publicize_feature_enabled":true,"jetpack_social_post_already_shared":true,"jetpack_social_options":{"image_generator_settings":{"template":"highway","default_image_id":0,"font":"","enabled":false},"version":2}},"categories":[54],"tags":[],"class_list":["post-135161","post","type-post","status-publish","format-standard","has-post-thumbnail","hentry","category-yucatan"],"jetpack_publicize_connections":[],"jetpack_featured_media_url":"https:\/\/formalprision.com\/wp-content\/uploads\/2025\/10\/IMG-20251001-WA0114.jpg","jetpack_sharing_enabled":true,"jetpack_shortlink":"https:\/\/wp.me\/p6id8p-za1","_links":{"self":[{"href":"https:\/\/formalprision.com\/index.php?rest_route=\/wp\/v2\/posts\/135161","targetHints":{"allow":["GET"]}}],"collection":[{"href":"https:\/\/formalprision.com\/index.php?rest_route=\/wp\/v2\/posts"}],"about":[{"href":"https:\/\/formalprision.com\/index.php?rest_route=\/wp\/v2\/types\/post"}],"author":[{"embeddable":true,"href":"https:\/\/formalprision.com\/index.php?rest_route=\/wp\/v2\/users\/1"}],"replies":[{"embeddable":true,"href":"https:\/\/formalprision.com\/index.php?rest_route=%2Fwp%2Fv2%2Fcomments&post=135161"}],"version-history":[{"count":1,"href":"https:\/\/formalprision.com\/index.php?rest_route=\/wp\/v2\/posts\/135161\/revisions"}],"predecessor-version":[{"id":135163,"href":"https:\/\/formalprision.com\/index.php?rest_route=\/wp\/v2\/posts\/135161\/revisions\/135163"}],"wp:featuredmedia":[{"embeddable":true,"href":"https:\/\/formalprision.com\/index.php?rest_route=\/wp\/v2\/media\/135162"}],"wp:attachment":[{"href":"https:\/\/formalprision.com\/index.php?rest_route=%2Fwp%2Fv2%2Fmedia&parent=135161"}],"wp:term":[{"taxonomy":"category","embeddable":true,"href":"https:\/\/formalprision.com\/index.php?rest_route=%2Fwp%2Fv2%2Fcategories&post=135161"},{"taxonomy":"post_tag","embeddable":true,"href":"https:\/\/formalprision.com\/index.php?rest_route=%2Fwp%2Fv2%2Ftags&post=135161"}],"curies":[{"name":"wp","href":"https:\/\/api.w.org\/{rel}","templated":true}]}}