{"id":135169,"date":"2025-10-02T17:58:42","date_gmt":"2025-10-02T22:58:42","guid":{"rendered":"https:\/\/formalprision.com\/?p=135169"},"modified":"2025-10-02T17:58:42","modified_gmt":"2025-10-02T22:58:42","slug":"con-una-rodada-nocturna-cecilia-patron-suma-a-ciclistas-al-festival-de-las-animas-2025","status":"publish","type":"post","link":"https:\/\/formalprision.com\/?p=135169","title":{"rendered":"Con una rodada nocturna, Cecilia Patr\u00f3n suma a ciclistas al Festival de las \u00c1nimas 2025"},"content":{"rendered":"\n<p>M\u00c9RIDA, Yucat\u00e1n.- El Ayuntamiento de M\u00e9rida, que encabeza la alcaldesa Cecilia Patr\u00f3n Laviada, a trav\u00e9s de la Direcci\u00f3n de Desarrollo Social y Combate a la Pobreza, invita a todas las familias meridanas a participar en la ya tradicional Rodada de las \u00c1nimas Cicloturixes, que se realizar\u00e1 el pr\u00f3ximo 29 de octubre a las 8:00 de la noche en el marco del Festival de las \u00c1nimas 2025, una de las celebraciones m\u00e1s emblem\u00e1ticas de la ciudad que honra la memoria de nuestros fieles difuntos.<\/p>\n\n\n\n<p>El Director de Desarrollo Social y Combate a la Pobreza, Arturo Le\u00f3n Itz\u00e1, destac\u00f3 que este evento es mucho m\u00e1s que una actividad cultural.<\/p>\n\n\n\n<p>\u201cLa Rodada de las \u00c1nimas es una forma de seguir cuidando nuestras tradiciones y al mismo tiempo apostar por una movilidad m\u00e1s limpia. La bici es un s\u00edmbolo de igualdad porque nos pone a todos en el mismo camino: aqu\u00ed no importa la edad ni la condici\u00f3n, todos podemos rodar y disfrutar juntos\u201d, extern\u00f3 Arturo Le\u00f3n.<\/p>\n\n\n\n<p>En este sentido, Le\u00f3n Itz\u00e1 subray\u00f3 que M\u00e9rida necesita de la participaci\u00f3n de toda su gente.<\/p>\n\n\n\n<p>\u201cEste Ayuntamiento no gobierna desde la distancia. Caminamos y rodamos junto a la ciudadan\u00eda, construyendo una M\u00e9rida que crezca con objetivos claros, donde cada persona tenga acceso a las mismas oportunidades\u201d, mencion\u00f3 Arturo Le\u00f3n.<\/p>\n\n\n\n<p>La rodada tambi\u00e9n refleja la sinergia con asociaciones civiles como Cicloturixes y por primera vez con la iniciativa privada, la empresa Powerade, lo que demuestra c\u00f3mo la sociedad y el gobierno pueden unirse en favor de nuestra ciudad.<\/p>\n\n\n\n<p>\u201cQueremos innovar en acciones y trabajar junto con la gente, es as\u00ed que La Rodada de las \u00c1nimas es un ejemplo de c\u00f3mo tradici\u00f3n, ciudadan\u00eda y sustentabilidad pueden ir de la mano\u201d coment\u00f3 Arturo Le\u00f3n<\/p>\n\n\n\n<p>La Rodada de las \u00c1nimas se celebra desde hace m\u00e1s de 10 a\u00f1os y cada edici\u00f3n re\u00fane a miles de personas, tanto locales como visitantes nacionales y extranjeros. Participan ciclistas disfrazados y este a\u00f1o se espera la asistencia de entre 1 mil 500 y 2 mil personas.<\/p>\n\n\n\n<p>Partir\u00e1 del Parque de La Ermita hacia el Cementerio General, donde se realizar\u00e1 un recorrido especial, para luego regresar nuevamente a La Ermita. Antes del inicio, de 6:00 a 8:00 p.m., se ofrecer\u00e1n 100 servicios gratuitos de pintacaritas, y para quienes no cuenten con bicicleta, se pondr\u00e1n a disposici\u00f3n 50 bicicletas en pr\u00e9stamo.<\/p>\n\n\n\n<p>Al finalizar, se llevar\u00e1 a cabo el esperado concurso bicicletas decoradas, que premiar\u00e1 a los tres mejores lugares con 3,000, 2,000 y 1,000 pesos.<\/p>\n\n\n\n<p>Finalmente, el Ayuntamiento record\u00f3 que la Rodada de las \u00c1nimas es una de las m\u00faltiples actividades del Festival de las \u00c1nimas 2025, que se celebrar\u00e1 del 25 de octubre al 2 de noviembre en diferentes sedes de M\u00e9rida.<\/p>\n\n\n\n<p>La ciudadan\u00eda puede consultar la cartelera completa en merida.gob.mx\/animas<\/p>\n\n\n\n<p>Para mayores informes sobre los programas sociales, la ciudadan\u00eda puede acudir a las ventanillas de la Direcci\u00f3n de Desarrollo Social y Combate a la Pobreza, ubicadas en calle 65 No. 368 Int. x 40 y 42, Col. Centro, o comunicarse a los tel\u00e9fonos (999) 924 6900 y (999) 924 6962, ext. 81750, de lunes a viernes de 8:00 a.m. a 3:00 p.m. o en sus Redes sociales en Facebook, Instagram, Tik Tok y X.<\/p>\n","protected":false},"excerpt":{"rendered":"<p>M\u00c9RIDA, Yucat\u00e1n.- El Ayuntamiento de M\u00e9rida, que encabeza la alcaldesa Cecilia Patr\u00f3n Laviada, a trav\u00e9s de la Direcci\u00f3n de Desarrollo Social y Combate a la Pobreza, invita a todas las<\/p>\n","protected":false},"author":2,"featured_media":135171,"comment_status":"open","ping_status":"open","sticky":false,"template":"","format":"standard","meta":{"jetpack_post_was_ever_published":false,"_jetpack_newsletter_access":"","_jetpack_dont_email_post_to_subs":false,"_jetpack_newsletter_tier_id":0,"_jetpack_memberships_contains_paywalled_content":false,"_jetpack_memberships_contains_paid_content":false,"footnotes":"","jetpack_publicize_message":"","jetpack_publicize_feature_enabled":true,"jetpack_social_post_already_shared":true,"jetpack_social_options":{"image_generator_settings":{"template":"highway","default_image_id":0,"font":"","enabled":false},"version":2}},"categories":[14],"tags":[],"class_list":["post-135169","post","type-post","status-publish","format-standard","has-post-thumbnail","hentry","category-merida"],"jetpack_publicize_connections":[],"jetpack_featured_media_url":"https:\/\/formalprision.com\/wp-content\/uploads\/2025\/10\/WhatsApp-Image-2025-10-02-at-4.01.56-PM.jpeg","jetpack_sharing_enabled":true,"jetpack_shortlink":"https:\/\/wp.me\/p6id8p-za9","_links":{"self":[{"href":"https:\/\/formalprision.com\/index.php?rest_route=\/wp\/v2\/posts\/135169","targetHints":{"allow":["GET"]}}],"collection":[{"href":"https:\/\/formalprision.com\/index.php?rest_route=\/wp\/v2\/posts"}],"about":[{"href":"https:\/\/formalprision.com\/index.php?rest_route=\/wp\/v2\/types\/post"}],"author":[{"embeddable":true,"href":"https:\/\/formalprision.com\/index.php?rest_route=\/wp\/v2\/users\/2"}],"replies":[{"embeddable":true,"href":"https:\/\/formalprision.com\/index.php?rest_route=%2Fwp%2Fv2%2Fcomments&post=135169"}],"version-history":[{"count":1,"href":"https:\/\/formalprision.com\/index.php?rest_route=\/wp\/v2\/posts\/135169\/revisions"}],"predecessor-version":[{"id":135170,"href":"https:\/\/formalprision.com\/index.php?rest_route=\/wp\/v2\/posts\/135169\/revisions\/135170"}],"wp:featuredmedia":[{"embeddable":true,"href":"https:\/\/formalprision.com\/index.php?rest_route=\/wp\/v2\/media\/135171"}],"wp:attachment":[{"href":"https:\/\/formalprision.com\/index.php?rest_route=%2Fwp%2Fv2%2Fmedia&parent=135169"}],"wp:term":[{"taxonomy":"category","embeddable":true,"href":"https:\/\/formalprision.com\/index.php?rest_route=%2Fwp%2Fv2%2Fcategories&post=135169"},{"taxonomy":"post_tag","embeddable":true,"href":"https:\/\/formalprision.com\/index.php?rest_route=%2Fwp%2Fv2%2Ftags&post=135169"}],"curies":[{"name":"wp","href":"https:\/\/api.w.org\/{rel}","templated":true}]}}