{"id":135178,"date":"2025-10-03T12:06:17","date_gmt":"2025-10-03T17:06:17","guid":{"rendered":"https:\/\/formalprision.com\/?p=135178"},"modified":"2025-10-04T03:34:15","modified_gmt":"2025-10-04T08:34:15","slug":"el-festival-del-jazz-se-va-al-pasaje-de-la-revolucion","status":"publish","type":"post","link":"https:\/\/formalprision.com\/?p=135178","title":{"rendered":"El Festival del Jazz se va al Pasaje de la Revoluci\u00f3n"},"content":{"rendered":"\n<p>MERIDA, Yucat\u00e1n -El Ayuntamiento de M\u00e9rida, a trav\u00e9s de la Direcci\u00f3n de Identidad y Cultura, informa que las actividades del Festival de Jazz M\u00e9rida 2025, programadas en sedes al aire libre, se trasladan al Pasaje de la Revoluci\u00f3n.<\/p>\n\n\n\n<p>Aqu\u00ed te compartimos el programa de actividades, por d\u00eda, que incluyen clases magistrales, un conversatorio, la Marcha Second Line y conciertos con artistas locales, nacionales e internacionales que proyectan el jazz.<\/p>\n\n\n\n<p>El acceso es libre a todas las actividades.<\/p>\n","protected":false},"excerpt":{"rendered":"<p>MERIDA, Yucat\u00e1n -El Ayuntamiento de M\u00e9rida, a trav\u00e9s de la Direcci\u00f3n de Identidad y Cultura, informa que las actividades del Festival de Jazz M\u00e9rida 2025, programadas en sedes al aire<\/p>\n","protected":false},"author":1,"featured_media":135179,"comment_status":"open","ping_status":"open","sticky":false,"template":"","format":"standard","meta":{"jetpack_post_was_ever_published":false,"_jetpack_newsletter_access":"","_jetpack_dont_email_post_to_subs":false,"_jetpack_newsletter_tier_id":0,"_jetpack_memberships_contains_paywalled_content":false,"_jetpack_memberships_contains_paid_content":false,"footnotes":"","jetpack_publicize_message":"","jetpack_publicize_feature_enabled":true,"jetpack_social_post_already_shared":true,"jetpack_social_options":{"image_generator_settings":{"template":"highway","default_image_id":0,"font":"","enabled":false},"version":2}},"categories":[14],"tags":[],"class_list":["post-135178","post","type-post","status-publish","format-standard","has-post-thumbnail","hentry","category-merida"],"jetpack_publicize_connections":[],"jetpack_featured_media_url":"https:\/\/formalprision.com\/wp-content\/uploads\/2025\/10\/IMG-20251003-WA0005.jpg","jetpack_sharing_enabled":true,"jetpack_shortlink":"https:\/\/wp.me\/p6id8p-zai","_links":{"self":[{"href":"https:\/\/formalprision.com\/index.php?rest_route=\/wp\/v2\/posts\/135178","targetHints":{"allow":["GET"]}}],"collection":[{"href":"https:\/\/formalprision.com\/index.php?rest_route=\/wp\/v2\/posts"}],"about":[{"href":"https:\/\/formalprision.com\/index.php?rest_route=\/wp\/v2\/types\/post"}],"author":[{"embeddable":true,"href":"https:\/\/formalprision.com\/index.php?rest_route=\/wp\/v2\/users\/1"}],"replies":[{"embeddable":true,"href":"https:\/\/formalprision.com\/index.php?rest_route=%2Fwp%2Fv2%2Fcomments&post=135178"}],"version-history":[{"count":1,"href":"https:\/\/formalprision.com\/index.php?rest_route=\/wp\/v2\/posts\/135178\/revisions"}],"predecessor-version":[{"id":135180,"href":"https:\/\/formalprision.com\/index.php?rest_route=\/wp\/v2\/posts\/135178\/revisions\/135180"}],"wp:featuredmedia":[{"embeddable":true,"href":"https:\/\/formalprision.com\/index.php?rest_route=\/wp\/v2\/media\/135179"}],"wp:attachment":[{"href":"https:\/\/formalprision.com\/index.php?rest_route=%2Fwp%2Fv2%2Fmedia&parent=135178"}],"wp:term":[{"taxonomy":"category","embeddable":true,"href":"https:\/\/formalprision.com\/index.php?rest_route=%2Fwp%2Fv2%2Fcategories&post=135178"},{"taxonomy":"post_tag","embeddable":true,"href":"https:\/\/formalprision.com\/index.php?rest_route=%2Fwp%2Fv2%2Ftags&post=135178"}],"curies":[{"name":"wp","href":"https:\/\/api.w.org\/{rel}","templated":true}]}}