{"id":135238,"date":"2025-10-05T15:49:52","date_gmt":"2025-10-05T20:49:52","guid":{"rendered":"https:\/\/formalprision.com\/?p=135238"},"modified":"2025-10-05T23:04:21","modified_gmt":"2025-10-06T04:04:21","slug":"se-suma-cecilia-patron-a-la-conmemoracion-del-dia-mundial-de-la-paralisis-cerebral","status":"publish","type":"post","link":"https:\/\/formalprision.com\/?p=135238","title":{"rendered":"Se suma Cecilia Patr\u00f3n a la conmemoraci\u00f3n del D\u00eda Mundial de la Par\u00e1lisis Cerebral"},"content":{"rendered":"\n<p>M\u00c9RIDA, Yucat\u00e1n.- Con un llamado a la empat\u00eda, la inclusi\u00f3n y el trabajo en equipo, la presidenta municipal Cecilia Patr\u00f3n se sum\u00f3 a \u201cRodada en Silla de Ruedas\u201d, en el marco del D\u00eda Mundial de la Par\u00e1lisis Cerebral, que se realiz\u00f3 a lo largo de Paseo de Montejo.<\/p>\n\n\n\n<p>Organizaron la actividad Familias por la Par\u00e1lisis Cerebral y la Inclusi\u00f3n y el Ayuntamiento de M\u00e9rida, a trav\u00e9s del DIF Municipal, en coordinaci\u00f3n con la Comisi\u00f3n de Derechos Humanos del Estado de Yucat\u00e1n (Codhey).<\/p>\n\n\n\n<p>\u201cHoy estamos aqu\u00ed para hacer visible una condici\u00f3n que pocas veces es vista con sensibilidad. La par\u00e1lisis cerebral es una realidad que existe en nuestra ciudad, y nuestra responsabilidad como sociedad y como gobierno es acompa\u00f1ar, cuidar y reconocer a quienes viven con ella y a sus familias\u201d, expres\u00f3 Cecilia Patr\u00f3n.<\/p>\n\n\n\n<p>Acompa\u00f1ada de la subdirectora del DIF Municipal, Seraphine Claudie Mar\u00eda Weber, la primer edil reiter\u00f3 su compromiso de trabajar de la mano con la Codhey, el Instituto Municipal de la Mujer y la ciudadan\u00eda para fortalecer la inclusi\u00f3n desde todos los \u00e1mbitos: urbano, educativo, cultural y social.<\/p>\n\n\n\n<p>La actividad realizada este domingo por la ma\u00f1ana, reuni\u00f3 a ni\u00f1as, ni\u00f1os, j\u00f3venes y familias que participaron en sillas de ruedas, andadores, bicicletas, triciclos o a pie, con el prop\u00f3sito de visibilizar esta condici\u00f3n y promover una M\u00e9rida m\u00e1s humana, incluyente y sensible ante las diversas formas de vida.<\/p>\n\n\n\n<p>Posterior a la rodada, se llev\u00f3 a cabo un conversatorio abierto sobre lo que significa vivir con par\u00e1lisis cerebral en Yucat\u00e1n, donde participaron especialistas, activistas y familias, quienes compartieron sus experiencias y propuestas para mejorar la accesibilidad en los espacios p\u00fablicos y fortalecer los programas de rehabilitaci\u00f3n.<\/p>\n\n\n\n<p>Durante su mensaje, la alcaldesa destac\u00f3 que el Ayuntamiento impulsa pol\u00edticas p\u00fablicas centradas en la accesibilidad, la salud y la educaci\u00f3n inclusiva, as\u00ed como acciones permanentes de apoyo a las familias que enfrentan diariamente los retos de la par\u00e1lisis cerebral.<\/p>\n\n\n\n<p>\u201cEstamos trabajando para cuidar a quienes cuidan. Detr\u00e1s de cada ni\u00f1o o ni\u00f1a con par\u00e1lisis cerebral hay madres y padres que todos los d\u00edas entregan su tiempo y su coraz\u00f3n. Nuestro deber es apoyarles, decirles que no est\u00e1n solos y que cuentan con nosotros para mejorar su calidad de vida\u201d, dijo la mun\u00edcipe.<\/p>\n\n\n\n<p>La presidenta municipal record\u00f3 que recientemente el Ayuntamiento ampli\u00f3 los apoyos de movilidad y rehabilitaci\u00f3n para personas con discapacidad, incluyendo la entrega de sillas de ruedas, becas de transporte y asistencia t\u00e9cnica y cuidado a la salud a trav\u00e9s de M\u00e9dico a Domicilio, viviendas sociales con espacios adaptados y lentes gratuitos para personas en situaci\u00f3n vulnerable.<\/p>\n\n\n\n<p>Cecilia Patr\u00f3n reiter\u00f3 que, \u201csi protegemos y apoyamos a mam\u00e1 y pap\u00e1, tambi\u00e9n protegemos a los ni\u00f1os, en la que se sabe que existen diferentes obst\u00e1culos a vencer, pero que desde su administraci\u00f3n municipal de la ciudad siempre estar\u00e1n abiertos a escuchar y resolver.<\/p>\n\n\n\n<p>Asimismo, la edil se\u00f1al\u00f3 que el gobierno municipal revisa y adapta los parques p\u00fablicos m\u00e1s antiguos para garantizar accesos adecuados y rampas en todos los espacios, en la que enfatiz\u00f3 que no puede haber un parque sin rampa, algo tan b\u00e1sico que permite llegar, subir y acceder al lugar que desean, esto es un derecho para todos.<\/p>\n\n\n\n<p>\u201cSi hay una calle, un parque o una rampa que falta, d\u00edganmelo: trabajemos juntos para cambiarlo. Estamos aqu\u00ed para que cada espacio de nuestra ciudad sea m\u00e1s inclusivo para nuestras ni\u00f1as y ni\u00f1os. Estamos avanzando en esa tarea, con amor y compromiso\u201d, afirm\u00f3.<\/p>\n\n\n\n<p>El evento fue tambi\u00e9n una oportunidad para celebrar la unidad de las familias y el valor de quienes, desde su realidad, contribuyen a hacer de M\u00e9rida una ciudad m\u00e1s fuerte, diversa y solidaria.<\/p>\n\n\n\n<p>Cecilia Patr\u00f3n concluy\u00f3 que es gracias a mujeres y hombres, padres de familia y sociedad civil organizada que M\u00e9rida es la mejor ciudad para vivir, en la que juntos sigamos haciendo los cambios necesarios por una ciudad m\u00e1s justa, m\u00e1s accesible y m\u00e1s humana.<\/p>\n\n\n\n<p>\u201cPorque cuando trabajamos en equipo, nadie se queda atr\u00e1s\u201d.<\/p>\n\n\n\n<p>Con esta jornada, el Ayuntamiento de M\u00e9rida reafirma su compromiso de construir una ciudad donde todas las personas, sin importar sus capacidades, puedan desarrollarse plenamente, convivir en igualdad de oportunidades y disfrutar de una vida digna.<\/p>\n","protected":false},"excerpt":{"rendered":"<p>M\u00c9RIDA, Yucat\u00e1n.- Con un llamado a la empat\u00eda, la inclusi\u00f3n y el trabajo en equipo, la presidenta municipal Cecilia Patr\u00f3n se sum\u00f3 a \u201cRodada en Silla de Ruedas\u201d, en el<\/p>\n","protected":false},"author":2,"featured_media":135240,"comment_status":"open","ping_status":"open","sticky":false,"template":"","format":"standard","meta":{"jetpack_post_was_ever_published":false,"_jetpack_newsletter_access":"","_jetpack_dont_email_post_to_subs":false,"_jetpack_newsletter_tier_id":0,"_jetpack_memberships_contains_paywalled_content":false,"_jetpack_memberships_contains_paid_content":false,"footnotes":"","jetpack_publicize_message":"","jetpack_publicize_feature_enabled":true,"jetpack_social_post_already_shared":true,"jetpack_social_options":{"image_generator_settings":{"template":"highway","default_image_id":0,"font":"","enabled":false},"version":2}},"categories":[14],"tags":[],"class_list":["post-135238","post","type-post","status-publish","format-standard","has-post-thumbnail","hentry","category-merida"],"jetpack_publicize_connections":[],"jetpack_featured_media_url":"https:\/\/formalprision.com\/wp-content\/uploads\/2025\/10\/WhatsApp-Image-2025-10-05-at-2.16.20-PM.jpeg","jetpack_sharing_enabled":true,"jetpack_shortlink":"https:\/\/wp.me\/p6id8p-zbg","_links":{"self":[{"href":"https:\/\/formalprision.com\/index.php?rest_route=\/wp\/v2\/posts\/135238","targetHints":{"allow":["GET"]}}],"collection":[{"href":"https:\/\/formalprision.com\/index.php?rest_route=\/wp\/v2\/posts"}],"about":[{"href":"https:\/\/formalprision.com\/index.php?rest_route=\/wp\/v2\/types\/post"}],"author":[{"embeddable":true,"href":"https:\/\/formalprision.com\/index.php?rest_route=\/wp\/v2\/users\/2"}],"replies":[{"embeddable":true,"href":"https:\/\/formalprision.com\/index.php?rest_route=%2Fwp%2Fv2%2Fcomments&post=135238"}],"version-history":[{"count":1,"href":"https:\/\/formalprision.com\/index.php?rest_route=\/wp\/v2\/posts\/135238\/revisions"}],"predecessor-version":[{"id":135239,"href":"https:\/\/formalprision.com\/index.php?rest_route=\/wp\/v2\/posts\/135238\/revisions\/135239"}],"wp:featuredmedia":[{"embeddable":true,"href":"https:\/\/formalprision.com\/index.php?rest_route=\/wp\/v2\/media\/135240"}],"wp:attachment":[{"href":"https:\/\/formalprision.com\/index.php?rest_route=%2Fwp%2Fv2%2Fmedia&parent=135238"}],"wp:term":[{"taxonomy":"category","embeddable":true,"href":"https:\/\/formalprision.com\/index.php?rest_route=%2Fwp%2Fv2%2Fcategories&post=135238"},{"taxonomy":"post_tag","embeddable":true,"href":"https:\/\/formalprision.com\/index.php?rest_route=%2Fwp%2Fv2%2Ftags&post=135238"}],"curies":[{"name":"wp","href":"https:\/\/api.w.org\/{rel}","templated":true}]}}